{"id":1106,"date":"2020-04-10T13:37:30","date_gmt":"2020-04-10T13:37:30","guid":{"rendered":"https:\/\/repo.epiprev.it\/?p=1106"},"modified":"2020-05-05T14:01:18","modified_gmt":"2020-05-05T14:01:18","slug":"andamento-della-mortalita-giornaliera-sismg-nelle-citta-italiane-in-relazione-allepidemia-di-covid-19-1-febbraio-4-aprile-terzo-rapporto","status":"publish","type":"post","link":"https:\/\/repo.epiprev.it\/index.php\/2020\/04\/10\/andamento-della-mortalita-giornaliera-sismg-nelle-citta-italiane-in-relazione-allepidemia-di-covid-19-1-febbraio-4-aprile-terzo-rapporto\/","title":{"rendered":"Andamento della Mortalit\u00e0 Giornaliera (SiSMG) nelle citt\u00e0 italiane in relazione all\u2019epidemia di Covid-19, 1 Febbraio \u2013 4 Aprile (terzo rapporto)"},"content":{"rendered":"\n<p class=\"has-small-font-size\"><strong>Publication date:<\/strong>  10\/04\/2020  &#8211; <strong>E&amp;P Code:<\/strong>  <a rel=\"noreferrer noopener\" aria-label=\" (opens in a new tab)\" href=\"https:\/\/repo.epiprev.it\/1106\" target=\"_blank\">repo.epiprev.it\/1106<\/a><br><strong>Authors: <\/strong> (a cura di) Marina Davoli,<sup>1<\/sup> Francesca de&#8217; Donato,<sup>1<\/sup> Manuela De Sario,<sup>1<\/sup> Paola Michelozzi,<sup>1<\/sup> Fiammetta Noccioli,<sup>1<\/sup> Daniela Orr\u00f9,<sup>1<\/sup> Pasqualino Rossi,<sup>2<\/sup> Matteo Scortichini<sup>1<\/sup>  <\/p>\n\n\n\n<p class=\"has-small-font-size\"><strong>Abstract<\/strong>. Si riportano i dati di mortalit\u00e0 giornaliera del sistema di sorveglianza<strong> SiSMG <\/strong>in relazione all\u2019epidemia COVID-19 in 19 citt\u00e0 italiane aggiornati al 4 aprile 2020; le analisi sono state effettuate solo su dati consolidati (31 marzo).<br>La mortalit\u00e0 giornaliera (deceduti e residenti nel Comune) viene ricostruita attraverso le denunce di decesso inviate nelle 72 ore successive e confrontata con la serie storica di riferimento (valore atteso). Per ogni citt\u00e0, <strong>la mortalit\u00e0 giornaliera attesa<\/strong> \u00e8 definita come la media per giorno della settimana e numero della settimana calcolata nei 5 anni precedenti e pesata per la popolazione residente (dati ISTAT) per tenere conto del progressivo invecchiamento della popolazione. La stima dell\u2019eccesso di mortalit\u00e0 viene calcolata come differenza tra i valori della mortalit\u00e0 osservata e i valori della mortalit\u00e0 attesa. Non \u00e8 disponibile l\u2019informazione sulla causa di morte.<\/p>\n\n\n\n<!--more-->\n\n\n\n<p class=\"has-small-font-size\">Le analisi (figura 1A e 1B e figura 2A e B) mostrano l\u2019andamento della mortalit\u00e0 settimanale per tutte le et\u00e0 e per le classi di et\u00e0 (65-74, 75-84, 85+) aggiornata al 31 marzo 2020 separatamente per le citt\u00e0 del Nord e del Centro-Sud. Nelle citt\u00e0 del Nord si evidenzia a partire dall\u2019inizio del mese di marzo un incremento della mortalit\u00e0 media giornaliera in tutte le classi di et\u00e0. Mentre nelle citt\u00e0 del Centro-Sud si osserva un lieve incremento solo partire da met\u00e0 marzo soprattutto nelle classi di et\u00e0 75-84 e 85+ anni. <strong>Da segnalare che nell\u2019ultima settimana si osserva un rallentamento nella curva di decessi settimanali sia nelle citt\u00e0 del Nord che del Centro-Sud. Tale rallentamento sembra ascrivibile soprattutto ai decessi nelle classi di et\u00e0 65-74 e 75-84. Solo nella classe di et\u00e0 85+ i decessi sono in ulteriore aumento.<\/strong><\/p>\n\n\n\n<p class=\"has-small-font-size\">Confrontando i dati della variazione settimanale nel numero di decessi totali e per classi di et\u00e0 (15-64, 65-74, 75-84, 85+) rispetto alla settimana precedente<strong>, <\/strong>separatamente per le citt\u00e0 del Nord e del Centro-Sud (figura 3), l\u2019analisi mostra che nella settimana 25-31 marzo (l\u2019 ultima per la quale possiamo ritenere i dati consolidati) si conferma tra le citt\u00e0 del Nord una flessione del trend in forte crescita osservato a partire dalla seconda settimana di marzo, con -164 decessi rispetto alla settimana precedente.<\/p>\n\n\n\n<p class=\"has-small-font-size\">Il confronto per classi di et\u00e0 evidenzia che nelle citt\u00e0 del Nord (figura 3a e 3b) tale differenza \u00e8 attribuibile soprattutto al forte incremento della mortalit\u00e0 che nella settimana tra il 18-24 marzo si \u00e8 osservato nelle classi di et\u00e0 65-74 e 75-84 (figura 3). Da notare che nella classe pi\u00f9 anziana, +85 anni l\u2019incremento dei decessi appare costante nelle diverse settimane.<\/p>\n\n\n\n<p class=\"has-small-font-size\">Fenomeno analogo si osserva nelle citt\u00e0 del Centro-Sud (figura 3c e 3d) dove complessivamente si osserva un rallentamento nella crescita dei decessi e il confronto con la settimana precedente mostra nella settimana 25-31 marzo -41 decessi totali, i decrementi si osservano per tutte le classi di et\u00e0 (differenze negative) ad eccezione della classe di et\u00e0 85+ (+30%).<\/p>\n\n\n\n<p class=\"has-small-font-size\">Nella <strong>tabella 1 <\/strong>sono riportati i dati di mortalit\u00e0 a partire dall\u2019inizio dell\u2019epidemia di COVID-19 fino all\u2019ultima data disponibile per ciascuna citt\u00e0. <strong>I dati aggiornati mostrano complessivamente per le citt\u00e0 del Nord un incremento pari a +65%, mentre tra le citt\u00e0 del Centro-Sud rimane complessivamente basso, pari al +10%.<\/strong><\/p>\n\n\n\n<p class=\"has-small-font-size\"><strong>Per le singole citt\u00e0 del Nord si osservano incrementi significativi<\/strong> a Bolzano (+55%), Trento (+44%), Aosta (+126%), Torino (+49%), Milano (+87%), Brescia (+195%), Verona (+33%), Genova (+71%), Bologna (+32%) e Venezia (+15%).<\/p>\n\n\n\n<p class=\"has-small-font-size\"><strong>Tra le citt\u00e0 del Centro-Sud gli incrementi osservati sono molto pi\u00f9 contenuti, <\/strong>incrementi significativi si osservano a Roma (+5%), Messina (+25%) e Civitavecchia (+54%), anche se il dato si basa su piccoli numeri. A Bari (+67%) parte dell\u2019incremento osservato potrebbe essere, attribuibile a modifiche del sistema automatizzato della registrazione dei dati di mortalit\u00e0 e sono in corso verifiche con l\u2019ufficio anagrafe.<\/p>\n\n\n\n<p class=\"has-small-font-size\"><strong>In sintesi <\/strong>nella settimana dal 25 al 31 marzo, per la quale possiamo considerare i dati sufficientemente consolidati, i dati della sorveglianza mostrano una flessione della crescita dei decessi sia per il Nord che per il centro Sud rispetto alla settimana precedente. Tale flessione \u00e8 dovuta soprattutto ad un rallentamento della crescita nelle classi di et\u00e0 65-74 anni e 75-84 anni in alcune citt\u00e0 del Nord dove si era osservato il maggior incremento della mortalit\u00e0 la settimana precedente (Milano, Brescia, Torino e Genova).<\/p>\n\n\n\n<p class=\"has-small-font-size\"><strong>Topic<\/strong>: <a href='\/index.php\/category\/COVID-19'>COVID-19<\/a><\/p>\n\n\n\n<p class=\"has-small-font-size\"><strong>Key words<\/strong>: <a href=\"https:\/\/repo.epiprev.it\/index.php\/tag\/citta\/\" rel=\"tag\">citt\u00e0<\/a>, <a href=\"https:\/\/repo.epiprev.it\/index.php\/tag\/covid-19\/\" rel=\"tag\">COVID-19<\/a>, <a href=\"https:\/\/repo.epiprev.it\/index.php\/tag\/mortalita-giornaliera\/\" rel=\"tag\">mortalit\u00e0 giornaliera<\/a>, <\/p>\n\n\n\n<p class=\"has-small-font-size\"><strong>AVVERTENZA. GLI ARTICOLI PRESENTI NEL REPOSITORY NON SONO SOTTOPOSTI A PEER REVIEW.<\/strong><\/p>\n\n\n\n<p class=\"has-small-font-size\"><strong>Cite as<\/strong>: Davoli M, de&#8217; Donato F, De Sario M, et. al. (2020). Andamento della Mortalit\u00e0 Giornaliera (SiSMG) nelle citt\u00e0 italiane in relazione all\u2019epidemia di Covid-19, 1 Febbraio \u2013 4 Aprile (terzo rapporto). E&P Repository <a href='https:\/\/repo.epiprev.it\/1106'>https:\/\/repo.epiprev.it\/1106<\/a><button title=\"Copia citazione\" id=\"copyTextCite\"><span class=\"far fa-copy\"><\/span><\/button><\/p>\n\n\n\n<div class='w3eden'><!-- WPDM Link Template: Default Template -->\n\n\n<div class=\"link-template-default card mb-2\">\n    <div class=\"card-body\">\n        <div class=\"media stack-xs\">\n            <div class=\"media-body\">\n                <div class=\"media\">\n                    <div class=\"mr-3 img-48\"><img decoding=\"async\" class=\"wpdm_icon\" alt=\"Icona\" src=\"https:\/\/repo.epiprev.it\/wp-content\/plugins\/download-manager\/assets\/file-type-icons\/pdf.svg\" onError='this.src=\"https:\/\/repo.epiprev.it\/wp-content\/plugins\/download-manager\/assets\/file-type-icons\/unknown.svg\";' \/><\/div>\n                    <div class=\"media-body\">\n                        <h3 class=\"package-title\"><a href='https:\/\/repo.epiprev.it\/index.php\/download\/andamento-della-mortalita-giornaliera-sismg-nelle-citta-italiane-in-relazione-allepidemia-di-covid-19-1-febbraio-4-aprile-terzo-rapporto\/'>Andamento della Mortalit\u00e0 Giornaliera (SiSMG) nelle citt\u00e0 italiane in relazione all\u2019epidemia di Covid-19, 1 Febbraio \u2013 4 Aprile (terzo rapporto)<\/a><\/h3>\n                        <div class=\"text-muted text-small\"><i class=\"fas fa-file-download\"><\/i> 1819 Download <i class=\"fas fa-hdd ml-3\"><\/i> 2.44 MB<\/div>\n                    <\/div>\n                <\/div>\n            <\/div>\n            <div class=\"ml-3 wpdmdl-btn\">\n                <a class='wpdm-download-link btn btn-primary ' rel='nofollow' href='#' onclick=\"location.href='https:\/\/repo.epiprev.it\/index.php\/download\/andamento-della-mortalita-giornaliera-sismg-nelle-citta-italiane-in-relazione-allepidemia-di-covid-19-1-febbraio-4-aprile-terzo-rapporto\/?wpdmdl=1105&refresh=69ee7d1f5835f1777237279';return false;\">Download<\/a>\n            <\/div>\n        <\/div>\n\t\t\n    <\/div>\n<\/div>\n\n\n<\/div>\n\n\n\n<h4 class=\"wp-block-heading\">Info<\/h4>\n\n\n\n<p class=\"has-small-font-size\"><strong>Authors&#8217; Affiliations<\/strong> <br><sup>1<\/sup> Dipartimento di Epidemiologia SSR Regione Lazio <br><sup>2<\/sup> Ministero della Salute <\/p>\n\n\n\n<p class=\"has-small-font-size\"><strong>Authors&#8217; contributions: <\/strong><\/p>\n\n\n\n<p class=\"has-small-font-size\"><strong>Conflict of Interest: <\/strong>none declared<\/p>\n\n\n\n<p class=\"has-small-font-size\"><strong>Role of funding source: <\/strong>None.<\/p>\n\n\n\n<p class=\"has-small-font-size\"><strong>Ethics committee approval: <\/strong>The study was based on publicly available aggregate data. No Ethics committee approval was necessary. <\/p>\n\n\n\n<p class=\"has-small-font-size\"><strong>Copyright<\/strong>:  Il detentore del copyright \u00e8 l\u2019autore\/finanziatore, che ha concesso a \u201cE&amp;P Repository\u201d una licenza per rendere pubblico questo preprint. The copyright holder for this preprint is the author\/funder, who has granted E&amp;P Repository a license to display the preprint in perpetuity.<\/p>\n\n\n\n<div style=\"height:20px\" aria-hidden=\"true\" class=\"wp-block-spacer\"><\/div>\n\n\n\n<p class=\"has-background has-small-font-size has-light-gray-background-color\"><strong>References &amp; Citations<\/strong><br><a rel=\"noreferrer noopener\" href=\"https:\/\/scholar.google.com\/scholar?q=Andamento della Mortalit\u00e0 Giornaliera (SiSMG) nelle citt\u00e0 italiane in relazione all\u2019epidemia di Covid-19, 1 Febbraio \u2013 4 Aprile (terzo rapporto)\" target=\"_blank\">Google Scholar<\/a> <\/p>\n\n\n\n<p><a href=\"http:\/\/www.facebook.com\/sharer.php?u=https:\/\/www.repo.epiprev.it\/1106\" target=\"_blank\" rel=\"noopener noreferrer\" title=\"Condividi su Facebook\"><img decoding=\"async\" src=\"\/wp-content\/uploads\/2020\/04\/icon_facebook.png\"><\/a><a href=\"https:\/\/twitter.com\/intent\/tweet?url=https:\/\/www.repo.epiprev.it\/1106\" target=\"_blank\" rel=\"noopener noreferrer\" title=\"Condividi su Twitter\"><img decoding=\"async\" src=\"\/wp-content\/uploads\/2020\/04\/icon_twitter.png\"><\/a><a class=\"icon_whatsapp\" href=\"https:\/\/api.whatsapp.com\/send?text=https:\/\/repo.epiprev.it\/1106&amp;attribution=AMPhtml&amp;url=repo.epiprev.it\/1106\" target=\"_blank\" rel=\"noopener noreferrer\" title=\"Invia con WhatsApp\"><img decoding=\"async\" src=\"\/wp-content\/uploads\/2020\/04\/icon_whatsapp.png\"><\/a>\n<\/p>\n","protected":false},"excerpt":{"rendered":"<p>Andamento della Mortalit\u00e0 Giornaliera (SiSMG) nelle citt\u00e0 italiane in relazione all\u2019epidemia di Covid-19, 1 Febbraio &#8211; 28 Marzo (terzo rapporto)<\/p>\n","protected":false},"author":1,"featured_media":0,"comment_status":"open","ping_status":"open","sticky":false,"template":"","format":"standard","meta":{"footnotes":""},"categories":[13],"tags":[31,16,32],"class_list":["post-1106","post","type-post","status-publish","format-standard","hentry","category-covid-19","tag-citta","tag-covid-19","tag-mortalita-giornaliera"],"yoast_head":"<!-- This site is optimized with the Yoast SEO plugin v27.0 - https:\/\/yoast.com\/product\/yoast-seo-wordpress\/ -->\n<title>Andamento della Mortalit\u00e0 Giornaliera (SiSMG) nelle citt\u00e0 italiane in relazione all\u2019epidemia di Covid-19, 1 Febbraio \u2013 4 Aprile (terzo rapporto) - E&amp;P Repository<\/title>\n<meta name=\"robots\" content=\"index, follow, max-snippet:-1, max-image-preview:large, max-video-preview:-1\" \/>\n<link rel=\"canonical\" href=\"https:\/\/repo.epiprev.it\/index.php\/2020\/04\/10\/andamento-della-mortalita-giornaliera-sismg-nelle-citta-italiane-in-relazione-allepidemia-di-covid-19-1-febbraio-4-aprile-terzo-rapporto\/\" \/>\n<meta property=\"og:locale\" content=\"it_IT\" \/>\n<meta property=\"og:type\" content=\"article\" \/>\n<meta property=\"og:title\" content=\"Andamento della Mortalit\u00e0 Giornaliera (SiSMG) nelle citt\u00e0 italiane in relazione all\u2019epidemia di Covid-19, 1 Febbraio \u2013 4 Aprile (terzo rapporto) - E&amp;P Repository\" \/>\n<meta property=\"og:description\" content=\"Andamento della Mortalit\u00e0 Giornaliera (SiSMG) nelle citt\u00e0 italiane in relazione all\u2019epidemia di Covid-19, 1 Febbraio - 28 Marzo (terzo rapporto)\" \/>\n<meta property=\"og:url\" content=\"https:\/\/repo.epiprev.it\/index.php\/2020\/04\/10\/andamento-della-mortalita-giornaliera-sismg-nelle-citta-italiane-in-relazione-allepidemia-di-covid-19-1-febbraio-4-aprile-terzo-rapporto\/\" \/>\n<meta property=\"og:site_name\" content=\"E&amp;P Repository\" \/>\n<meta property=\"article:publisher\" content=\"https:\/\/www.facebook.com\/epiprev\/\" \/>\n<meta property=\"article:published_time\" content=\"2020-04-10T13:37:30+00:00\" \/>\n<meta property=\"article:modified_time\" content=\"2020-05-05T14:01:18+00:00\" \/>\n<meta property=\"og:image\" content=\"https:\/\/repo.epiprev.it\/wp-content\/uploads\/2020\/04\/logo_repo_facebook.png\" \/>\n\t<meta property=\"og:image:width\" content=\"1200\" \/>\n\t<meta property=\"og:image:height\" content=\"630\" \/>\n\t<meta property=\"og:image:type\" content=\"image\/png\" \/>\n<meta name=\"author\" content=\"administrator\" \/>\n<meta name=\"twitter:card\" content=\"summary_large_image\" \/>\n<meta name=\"twitter:image\" content=\"https:\/\/repo.epiprev.it\/wp-content\/uploads\/2020\/04\/logo_repo_twitter.png\" \/>\n<meta name=\"twitter:label1\" content=\"Scritto da\" \/>\n\t<meta name=\"twitter:data1\" content=\"administrator\" \/>\n\t<meta name=\"twitter:label2\" content=\"Tempo di lettura stimato\" \/>\n\t<meta name=\"twitter:data2\" content=\"4 minuti\" \/>\n<script type=\"application\/ld+json\" class=\"yoast-schema-graph\">{\"@context\":\"https:\/\/schema.org\",\"@graph\":[{\"@type\":\"Article\",\"@id\":\"https:\/\/repo.epiprev.it\/index.php\/2020\/04\/10\/andamento-della-mortalita-giornaliera-sismg-nelle-citta-italiane-in-relazione-allepidemia-di-covid-19-1-febbraio-4-aprile-terzo-rapporto\/#article\",\"isPartOf\":{\"@id\":\"https:\/\/repo.epiprev.it\/index.php\/2020\/04\/10\/andamento-della-mortalita-giornaliera-sismg-nelle-citta-italiane-in-relazione-allepidemia-di-covid-19-1-febbraio-4-aprile-terzo-rapporto\/\"},\"author\":{\"name\":\"administrator\",\"@id\":\"https:\/\/repo.epiprev.it\/#\/schema\/person\/2a184e8c4e97508ef5111e78c8d0a59c\"},\"headline\":\"Andamento della Mortalit\u00e0 Giornaliera (SiSMG) nelle citt\u00e0 italiane in relazione all\u2019epidemia di Covid-19, 1 Febbraio \u2013 4 Aprile (terzo rapporto)\",\"datePublished\":\"2020-04-10T13:37:30+00:00\",\"dateModified\":\"2020-05-05T14:01:18+00:00\",\"mainEntityOfPage\":{\"@id\":\"https:\/\/repo.epiprev.it\/index.php\/2020\/04\/10\/andamento-della-mortalita-giornaliera-sismg-nelle-citta-italiane-in-relazione-allepidemia-di-covid-19-1-febbraio-4-aprile-terzo-rapporto\/\"},\"wordCount\":857,\"commentCount\":0,\"publisher\":{\"@id\":\"https:\/\/repo.epiprev.it\/#organization\"},\"keywords\":[\"citt\u00e0\",\"COVID-19\",\"mortalit\u00e0 giornaliera\"],\"articleSection\":[\"COVID-19\"],\"inLanguage\":\"it-IT\",\"potentialAction\":[{\"@type\":\"CommentAction\",\"name\":\"Comment\",\"target\":[\"https:\/\/repo.epiprev.it\/index.php\/2020\/04\/10\/andamento-della-mortalita-giornaliera-sismg-nelle-citta-italiane-in-relazione-allepidemia-di-covid-19-1-febbraio-4-aprile-terzo-rapporto\/#respond\"]}]},{\"@type\":\"WebPage\",\"@id\":\"https:\/\/repo.epiprev.it\/index.php\/2020\/04\/10\/andamento-della-mortalita-giornaliera-sismg-nelle-citta-italiane-in-relazione-allepidemia-di-covid-19-1-febbraio-4-aprile-terzo-rapporto\/\",\"url\":\"https:\/\/repo.epiprev.it\/index.php\/2020\/04\/10\/andamento-della-mortalita-giornaliera-sismg-nelle-citta-italiane-in-relazione-allepidemia-di-covid-19-1-febbraio-4-aprile-terzo-rapporto\/\",\"name\":\"Andamento della Mortalit\u00e0 Giornaliera (SiSMG) nelle citt\u00e0 italiane in relazione all\u2019epidemia di Covid-19, 1 Febbraio \u2013 4 Aprile (terzo rapporto) - E&amp;P Repository\",\"isPartOf\":{\"@id\":\"https:\/\/repo.epiprev.it\/#website\"},\"datePublished\":\"2020-04-10T13:37:30+00:00\",\"dateModified\":\"2020-05-05T14:01:18+00:00\",\"breadcrumb\":{\"@id\":\"https:\/\/repo.epiprev.it\/index.php\/2020\/04\/10\/andamento-della-mortalita-giornaliera-sismg-nelle-citta-italiane-in-relazione-allepidemia-di-covid-19-1-febbraio-4-aprile-terzo-rapporto\/#breadcrumb\"},\"inLanguage\":\"it-IT\",\"potentialAction\":[{\"@type\":\"ReadAction\",\"target\":[\"https:\/\/repo.epiprev.it\/index.php\/2020\/04\/10\/andamento-della-mortalita-giornaliera-sismg-nelle-citta-italiane-in-relazione-allepidemia-di-covid-19-1-febbraio-4-aprile-terzo-rapporto\/\"]}]},{\"@type\":\"BreadcrumbList\",\"@id\":\"https:\/\/repo.epiprev.it\/index.php\/2020\/04\/10\/andamento-della-mortalita-giornaliera-sismg-nelle-citta-italiane-in-relazione-allepidemia-di-covid-19-1-febbraio-4-aprile-terzo-rapporto\/#breadcrumb\",\"itemListElement\":[{\"@type\":\"ListItem\",\"position\":1,\"name\":\"Home\",\"item\":\"https:\/\/repo.epiprev.it\/\"},{\"@type\":\"ListItem\",\"position\":2,\"name\":\"Andamento della Mortalit\u00e0 Giornaliera (SiSMG) nelle citt\u00e0 italiane in relazione all\u2019epidemia di Covid-19, 1 Febbraio \u2013 4 Aprile (terzo rapporto)\"}]},{\"@type\":\"WebSite\",\"@id\":\"https:\/\/repo.epiprev.it\/#website\",\"url\":\"https:\/\/repo.epiprev.it\/\",\"name\":\"E&amp;P Repository\",\"description\":\"- RIVISTA DELL&#039;ASSOCIAZIONE ITALIANA DI EPIDEMIOLOGIA\",\"publisher\":{\"@id\":\"https:\/\/repo.epiprev.it\/#organization\"},\"potentialAction\":[{\"@type\":\"SearchAction\",\"target\":{\"@type\":\"EntryPoint\",\"urlTemplate\":\"https:\/\/repo.epiprev.it\/?s={search_term_string}\"},\"query-input\":{\"@type\":\"PropertyValueSpecification\",\"valueRequired\":true,\"valueName\":\"search_term_string\"}}],\"inLanguage\":\"it-IT\"},{\"@type\":\"Organization\",\"@id\":\"https:\/\/repo.epiprev.it\/#organization\",\"name\":\"Rivista Epiprev\",\"url\":\"https:\/\/repo.epiprev.it\/\",\"logo\":{\"@type\":\"ImageObject\",\"inLanguage\":\"it-IT\",\"@id\":\"https:\/\/repo.epiprev.it\/#\/schema\/logo\/image\/\",\"url\":\"\",\"contentUrl\":\"\",\"caption\":\"Rivista Epiprev\"},\"image\":{\"@id\":\"https:\/\/repo.epiprev.it\/#\/schema\/logo\/image\/\"},\"sameAs\":[\"https:\/\/www.facebook.com\/epiprev\/\"]},{\"@type\":\"Person\",\"@id\":\"https:\/\/repo.epiprev.it\/#\/schema\/person\/2a184e8c4e97508ef5111e78c8d0a59c\",\"name\":\"administrator\",\"image\":{\"@type\":\"ImageObject\",\"inLanguage\":\"it-IT\",\"@id\":\"https:\/\/repo.epiprev.it\/#\/schema\/person\/image\/\",\"url\":\"https:\/\/secure.gravatar.com\/avatar\/4ad25646debce6ba00e77ffa65a5e065aa33c5a21571725744bade4c95c9986a?s=96&d=mm&r=g\",\"contentUrl\":\"https:\/\/secure.gravatar.com\/avatar\/4ad25646debce6ba00e77ffa65a5e065aa33c5a21571725744bade4c95c9986a?s=96&d=mm&r=g\",\"caption\":\"administrator\"}}]}<\/script>\n<!-- \/ Yoast SEO plugin. -->","yoast_head_json":{"title":"Andamento della Mortalit\u00e0 Giornaliera (SiSMG) nelle citt\u00e0 italiane in relazione all\u2019epidemia di Covid-19, 1 Febbraio \u2013 4 Aprile (terzo rapporto) - E&amp;P Repository","robots":{"index":"index","follow":"follow","max-snippet":"max-snippet:-1","max-image-preview":"max-image-preview:large","max-video-preview":"max-video-preview:-1"},"canonical":"https:\/\/repo.epiprev.it\/index.php\/2020\/04\/10\/andamento-della-mortalita-giornaliera-sismg-nelle-citta-italiane-in-relazione-allepidemia-di-covid-19-1-febbraio-4-aprile-terzo-rapporto\/","og_locale":"it_IT","og_type":"article","og_title":"Andamento della Mortalit\u00e0 Giornaliera (SiSMG) nelle citt\u00e0 italiane in relazione all\u2019epidemia di Covid-19, 1 Febbraio \u2013 4 Aprile (terzo rapporto) - E&amp;P Repository","og_description":"Andamento della Mortalit\u00e0 Giornaliera (SiSMG) nelle citt\u00e0 italiane in relazione all\u2019epidemia di Covid-19, 1 Febbraio - 28 Marzo (terzo rapporto)","og_url":"https:\/\/repo.epiprev.it\/index.php\/2020\/04\/10\/andamento-della-mortalita-giornaliera-sismg-nelle-citta-italiane-in-relazione-allepidemia-di-covid-19-1-febbraio-4-aprile-terzo-rapporto\/","og_site_name":"E&amp;P Repository","article_publisher":"https:\/\/www.facebook.com\/epiprev\/","article_published_time":"2020-04-10T13:37:30+00:00","article_modified_time":"2020-05-05T14:01:18+00:00","og_image":[{"width":1200,"height":630,"url":"https:\/\/repo.epiprev.it\/wp-content\/uploads\/2020\/04\/logo_repo_facebook.png","type":"image\/png"}],"author":"administrator","twitter_card":"summary_large_image","twitter_image":"https:\/\/repo.epiprev.it\/wp-content\/uploads\/2020\/04\/logo_repo_twitter.png","twitter_misc":{"Scritto da":"administrator","Tempo di lettura stimato":"4 minuti"},"schema":{"@context":"https:\/\/schema.org","@graph":[{"@type":"Article","@id":"https:\/\/repo.epiprev.it\/index.php\/2020\/04\/10\/andamento-della-mortalita-giornaliera-sismg-nelle-citta-italiane-in-relazione-allepidemia-di-covid-19-1-febbraio-4-aprile-terzo-rapporto\/#article","isPartOf":{"@id":"https:\/\/repo.epiprev.it\/index.php\/2020\/04\/10\/andamento-della-mortalita-giornaliera-sismg-nelle-citta-italiane-in-relazione-allepidemia-di-covid-19-1-febbraio-4-aprile-terzo-rapporto\/"},"author":{"name":"administrator","@id":"https:\/\/repo.epiprev.it\/#\/schema\/person\/2a184e8c4e97508ef5111e78c8d0a59c"},"headline":"Andamento della Mortalit\u00e0 Giornaliera (SiSMG) nelle citt\u00e0 italiane in relazione all\u2019epidemia di Covid-19, 1 Febbraio \u2013 4 Aprile (terzo rapporto)","datePublished":"2020-04-10T13:37:30+00:00","dateModified":"2020-05-05T14:01:18+00:00","mainEntityOfPage":{"@id":"https:\/\/repo.epiprev.it\/index.php\/2020\/04\/10\/andamento-della-mortalita-giornaliera-sismg-nelle-citta-italiane-in-relazione-allepidemia-di-covid-19-1-febbraio-4-aprile-terzo-rapporto\/"},"wordCount":857,"commentCount":0,"publisher":{"@id":"https:\/\/repo.epiprev.it\/#organization"},"keywords":["citt\u00e0","COVID-19","mortalit\u00e0 giornaliera"],"articleSection":["COVID-19"],"inLanguage":"it-IT","potentialAction":[{"@type":"CommentAction","name":"Comment","target":["https:\/\/repo.epiprev.it\/index.php\/2020\/04\/10\/andamento-della-mortalita-giornaliera-sismg-nelle-citta-italiane-in-relazione-allepidemia-di-covid-19-1-febbraio-4-aprile-terzo-rapporto\/#respond"]}]},{"@type":"WebPage","@id":"https:\/\/repo.epiprev.it\/index.php\/2020\/04\/10\/andamento-della-mortalita-giornaliera-sismg-nelle-citta-italiane-in-relazione-allepidemia-di-covid-19-1-febbraio-4-aprile-terzo-rapporto\/","url":"https:\/\/repo.epiprev.it\/index.php\/2020\/04\/10\/andamento-della-mortalita-giornaliera-sismg-nelle-citta-italiane-in-relazione-allepidemia-di-covid-19-1-febbraio-4-aprile-terzo-rapporto\/","name":"Andamento della Mortalit\u00e0 Giornaliera (SiSMG) nelle citt\u00e0 italiane in relazione all\u2019epidemia di Covid-19, 1 Febbraio \u2013 4 Aprile (terzo rapporto) - E&amp;P Repository","isPartOf":{"@id":"https:\/\/repo.epiprev.it\/#website"},"datePublished":"2020-04-10T13:37:30+00:00","dateModified":"2020-05-05T14:01:18+00:00","breadcrumb":{"@id":"https:\/\/repo.epiprev.it\/index.php\/2020\/04\/10\/andamento-della-mortalita-giornaliera-sismg-nelle-citta-italiane-in-relazione-allepidemia-di-covid-19-1-febbraio-4-aprile-terzo-rapporto\/#breadcrumb"},"inLanguage":"it-IT","potentialAction":[{"@type":"ReadAction","target":["https:\/\/repo.epiprev.it\/index.php\/2020\/04\/10\/andamento-della-mortalita-giornaliera-sismg-nelle-citta-italiane-in-relazione-allepidemia-di-covid-19-1-febbraio-4-aprile-terzo-rapporto\/"]}]},{"@type":"BreadcrumbList","@id":"https:\/\/repo.epiprev.it\/index.php\/2020\/04\/10\/andamento-della-mortalita-giornaliera-sismg-nelle-citta-italiane-in-relazione-allepidemia-di-covid-19-1-febbraio-4-aprile-terzo-rapporto\/#breadcrumb","itemListElement":[{"@type":"ListItem","position":1,"name":"Home","item":"https:\/\/repo.epiprev.it\/"},{"@type":"ListItem","position":2,"name":"Andamento della Mortalit\u00e0 Giornaliera (SiSMG) nelle citt\u00e0 italiane in relazione all\u2019epidemia di Covid-19, 1 Febbraio \u2013 4 Aprile (terzo rapporto)"}]},{"@type":"WebSite","@id":"https:\/\/repo.epiprev.it\/#website","url":"https:\/\/repo.epiprev.it\/","name":"E&amp;P Repository","description":"- RIVISTA DELL&#039;ASSOCIAZIONE ITALIANA DI EPIDEMIOLOGIA","publisher":{"@id":"https:\/\/repo.epiprev.it\/#organization"},"potentialAction":[{"@type":"SearchAction","target":{"@type":"EntryPoint","urlTemplate":"https:\/\/repo.epiprev.it\/?s={search_term_string}"},"query-input":{"@type":"PropertyValueSpecification","valueRequired":true,"valueName":"search_term_string"}}],"inLanguage":"it-IT"},{"@type":"Organization","@id":"https:\/\/repo.epiprev.it\/#organization","name":"Rivista Epiprev","url":"https:\/\/repo.epiprev.it\/","logo":{"@type":"ImageObject","inLanguage":"it-IT","@id":"https:\/\/repo.epiprev.it\/#\/schema\/logo\/image\/","url":"","contentUrl":"","caption":"Rivista Epiprev"},"image":{"@id":"https:\/\/repo.epiprev.it\/#\/schema\/logo\/image\/"},"sameAs":["https:\/\/www.facebook.com\/epiprev\/"]},{"@type":"Person","@id":"https:\/\/repo.epiprev.it\/#\/schema\/person\/2a184e8c4e97508ef5111e78c8d0a59c","name":"administrator","image":{"@type":"ImageObject","inLanguage":"it-IT","@id":"https:\/\/repo.epiprev.it\/#\/schema\/person\/image\/","url":"https:\/\/secure.gravatar.com\/avatar\/4ad25646debce6ba00e77ffa65a5e065aa33c5a21571725744bade4c95c9986a?s=96&d=mm&r=g","contentUrl":"https:\/\/secure.gravatar.com\/avatar\/4ad25646debce6ba00e77ffa65a5e065aa33c5a21571725744bade4c95c9986a?s=96&d=mm&r=g","caption":"administrator"}}]}},"_links":{"self":[{"href":"https:\/\/repo.epiprev.it\/index.php\/wp-json\/wp\/v2\/posts\/1106","targetHints":{"allow":["GET"]}}],"collection":[{"href":"https:\/\/repo.epiprev.it\/index.php\/wp-json\/wp\/v2\/posts"}],"about":[{"href":"https:\/\/repo.epiprev.it\/index.php\/wp-json\/wp\/v2\/types\/post"}],"author":[{"embeddable":true,"href":"https:\/\/repo.epiprev.it\/index.php\/wp-json\/wp\/v2\/users\/1"}],"replies":[{"embeddable":true,"href":"https:\/\/repo.epiprev.it\/index.php\/wp-json\/wp\/v2\/comments?post=1106"}],"version-history":[{"count":10,"href":"https:\/\/repo.epiprev.it\/index.php\/wp-json\/wp\/v2\/posts\/1106\/revisions"}],"predecessor-version":[{"id":1557,"href":"https:\/\/repo.epiprev.it\/index.php\/wp-json\/wp\/v2\/posts\/1106\/revisions\/1557"}],"wp:attachment":[{"href":"https:\/\/repo.epiprev.it\/index.php\/wp-json\/wp\/v2\/media?parent=1106"}],"wp:term":[{"taxonomy":"category","embeddable":true,"href":"https:\/\/repo.epiprev.it\/index.php\/wp-json\/wp\/v2\/categories?post=1106"},{"taxonomy":"post_tag","embeddable":true,"href":"https:\/\/repo.epiprev.it\/index.php\/wp-json\/wp\/v2\/tags?post=1106"}],"curies":[{"name":"wp","href":"https:\/\/api.w.org\/{rel}","templated":true}]}}