{"id":1386,"date":"2020-04-24T15:59:14","date_gmt":"2020-04-24T15:59:14","guid":{"rendered":"https:\/\/repo.epiprev.it\/?p=1386"},"modified":"2020-05-05T13:52:03","modified_gmt":"2020-05-05T13:52:03","slug":"andamento-della-mortalita-giornaliera-sismg-nelle-citta-italiane-in-relazione-allepidemia-di-covid-19-report-1-febbraio-18-aprile-2020-quinto-rapporto","status":"publish","type":"post","link":"https:\/\/repo.epiprev.it\/index.php\/2020\/04\/24\/andamento-della-mortalita-giornaliera-sismg-nelle-citta-italiane-in-relazione-allepidemia-di-covid-19-report-1-febbraio-18-aprile-2020-quinto-rapporto\/","title":{"rendered":"Andamento della Mortalit\u00e0 Giornaliera (SiSMG) nelle citt\u00e0 italiane in relazione all\u2019epidemia di Covid-19. Report 1&#8242; Febbraio &#8211; 18 Aprile 2020 (quinto rapporto)"},"content":{"rendered":"\n<p class=\"has-small-font-size\"><strong>Publication date:<\/strong>  24\/04\/2020  &#8211; <strong>E&amp;P Code:<\/strong>  <a rel=\"noreferrer noopener\" aria-label=\" (opens in a new tab)\" href=\"https:\/\/repo.epiprev.it\/1386\" target=\"_blank\">repo.epiprev.it\/1386<\/a><br><strong>Authors: <\/strong> (a cura di) Marina Davoli,<sup>1<\/sup> Francesca de&#8217; Donato,<sup>1<\/sup> Manuela De Sario,<sup>1<\/sup> Paola Michelozzi,<sup>1<\/sup> Fiammetta Noccioli,<sup>1<\/sup> Daniela Orr\u00f9,<sup>1<\/sup> Pasqualino Rossi,<sup>2<\/sup> Matteo Scortichini<sup>1<\/sup>  <\/p>\n\n\n\n<p class=\"has-small-font-size\"><strong>Sintesi.<\/strong> Il rapporto (dati aggiornati al 18 aprile) documenta per la quinta settimana consecutiva gli eccessi di mortalit\u00e0 nelle citt\u00e0 italiane incluse nel SiSMG in relazione all&#8217;epidemia di COVID-19.<br>A partire dall&#8217;inizio di marzo, nelle citt\u00e0 del nord si rileva un incremento della mortalit\u00e0 pari a +76%, mentre nelle citt\u00e0 del centro-sud l&#8217;incremento \u00e8 stato pi\u00f9 contenuto (+10%) e si \u00e8 registrato, a partire da met\u00e0 marzo, soprattutto nelle classi di et\u00e0 75-84 e 85+ anni.<br><strong>Nelle ultime due settimane si sta osservando un rallentamento della crescita della mortalit\u00e0, pi\u00f9 marcato nell&#8217;ultima settimana. In particolare \u00e8 evidente la riduzione dell&#8217;incremento di mortalit\u00e0 nella classi di et\u00e0 65-74 e 75-84 anni.<\/strong> Simile andamento seppure pi\u00f9 contenuto, si osserva tra le citt\u00e0 del centro-sud, anche in questo caso a carico delle classi di et\u00e0 65-74 e 75-84 anni.<br><strong>I dati della sorveglianza mostrano una riduzione nel numero dei decessi giornalieri a Milano, Brescia, Aosta e Venezia. Si osserva inoltre un rallentamento della crescita con valori stabili a Bolzano, Trento, Verona, Torino, Genova.<\/strong><\/p>\n\n\n\n<!--more-->\n\n\n\n<p class=\"has-small-font-size\"><strong>In questo rapporto viene riportato un grafico che confronta l&#8217;eccesso cumulato nelle singole citt\u00e0, dall&#8217;inizio dell&#8217;epidemia COVID-19 al 14 aprile per citt\u00e0, classi di et\u00e0 e sesso. (separatamente nord e centro-sud, fig. 3).<\/strong> Il grafico mostra che l&#8217;incremento inizia prima nelle citt\u00e0 lombarde (Brescia e Milano) e successivamente nelle altre citt\u00e0. Il grafico evidenzia bene la forte eterogeneit\u00e0 dell&#8217;incremento osservato nelle citt\u00e0 attribuibile alla diversa intensit\u00e0 dell&#8217;epidemia di COVID, alla diversa suscettibilit\u00e0 della popolazione residente e alla quota di mortalit\u00e0 indiretta associabile all&#8217;epidemia (dovuta ad esempio a cambiamenti nell&#8217;assistenza per patologie croniche tumorali e non). Quest&#8217;ultimo aspetto andr\u00e0 approfondito attraverso analisi pi\u00f9 accurate della mortalit\u00e0 per causa. I dati del grafico sono anche riportati nella tab. 1.<br><strong>In fig. 4 riporta invece l&#8217;eccesso di mortalit\u00e0 cumulata a partire dal 1 ottobre 2019 al 14 aprile 2020 , dato che consente di analizzare l&#8217;incremento di mortalit\u00e0 osservato in relazione all&#8217;epidemia COVID al netto del decremento registrato nella stagione invernale.<\/strong> Il grafico delle citt\u00e0 del nord mostra un deficit di mortalit\u00e0 da fine dicembre a met\u00e0 marzo, seguito da un rapido incremento dell&#8217;eccesso di mortalit\u00e0. Da ottobre a febbraio la mortalit\u00e0 \u00e8 stata inferiore all&#8217;atteso (-840 decessi al 3 Marzo) mentre, dal 4 Marzo al 14 Aprile, \u00e8 stato stimato un eccesso di 4.295 decessi, per un eccesso complessivo, al netto della riduzione del periodo precedente, pari a 3.455 decessi. <strong>Nel grafico per classi di et\u00e0<\/strong> si osserva che la sotto-mortalit\u00e0 nel periodo pre-COVID \u00e8 stata maggiore nella classe di et\u00e0 75-84 anni, mentre non si osserva un deficit di mortalit\u00e0 nella classe di et\u00e0 pi\u00f9 anziana (85+ anni). <strong>L&#8217;analisi per genere <\/strong>evidenzia anche un maggior eccesso negli uomini rispetto alle donne, nonostante il deficit nei mesi precedenti l&#8217;epidemia sia stato maggiore nei primi. L&#8217;approfondimento del fenomeno attraverso un&#8217;analisi degli anni di vita persi, che tiene conto dei decessi prematuri, potr\u00e0 fornire un dato rilevante dell&#8217;impatto dell&#8217;epidemia sulla mortalit\u00e0 della popolazione. Assieme a questo, un&#8217;analisi di serie temporale consentir\u00e0 di analizzare l&#8217;incremento di mortalit\u00e0 osservato, tenendo conto della variabilit\u00e0 stagionale e del trend di medio periodo, restituendo una stima complessiva e non distorta dell&#8217;impatto sulla mortalit\u00e0 totale dell&#8217;epidemia COVID.<br><strong>I dati della sorveglianza hanno confermato eccessi di mortalit\u00e0 maggiori negli uomini rispetto alle donne<\/strong>, fenomeno pi\u00f9 evidente nelle citt\u00e0 del nord, con un trend di rischio crescente con l&#8217;et\u00e0 (<strong>fig. 3 e 5<\/strong>).<br><strong>Nella figura 6<\/strong> viene analizzato l&#8217;eccesso di mortalit\u00e0 per luogo di decesso (extra ed intra ospedaliera), per area geografica (citt\u00e0 del nord e citt\u00e0 del centro-sud) in 13 delle 19 citt\u00e0 per cui \u00e8 disponibile tale informazione. Nelle citt\u00e0 del nord l&#8217;incremento \u00e8 pari a +54% per la mortalit\u00e0 extra ospedaliera e +81% per la mortalit\u00e0 intra ospedaliera. Nelle citt\u00e0 del centro-sud l&#8217;incremento della mortalit\u00e0 osservato \u00e8 pari al 14% per la mortalit\u00e0 extra ospedaliera e +2% per la mortalit\u00e0 intra ospedaliera.<br><strong>Nell&#8217;appendice (fig. 9)<\/strong> sono riportati i grafici dell&#8217;andamento della mortalit\u00e0 giornaliera e i dati settimanali per classe di et\u00e0 anche per le altre citt\u00e0 incluse nella sorveglianza SISMG. Per queste citt\u00e0 \u00e8 da rilevare un ritardo nell&#8217;invio dei dati di mortalit\u00e0 e pertanto i dati possono essere sottostimati.<\/p>\n\n\n\n<p class=\"has-small-font-size\"><strong>Topic<\/strong>: <a href='\/index.php\/category\/COVID-19'>COVID-19<\/a><\/p>\n\n\n\n<p class=\"has-small-font-size\"><strong>Key words<\/strong>: <a href=\"https:\/\/repo.epiprev.it\/index.php\/tag\/citta\/\" rel=\"tag\">citt\u00e0<\/a>, <a href=\"https:\/\/repo.epiprev.it\/index.php\/tag\/covid-19\/\" rel=\"tag\">COVID-19<\/a>, <a href=\"https:\/\/repo.epiprev.it\/index.php\/tag\/mortalita-giornaliera\/\" rel=\"tag\">mortalit\u00e0 giornaliera<\/a>, <\/p>\n\n\n\n<p class=\"has-small-font-size\"><strong>AVVERTENZA. GLI ARTICOLI PRESENTI NEL REPOSITORY NON SONO SOTTOPOSTI A PEER REVIEW.<\/strong><\/p>\n\n\n\n<p class=\"has-small-font-size\"><strong>Cite as<\/strong>: Marina Davoli, Francesca de&#8217; Donato, Manuela De Sario, et. altri (2020). Andamento della Mortalit\u00e0 Giornaliera (SiSMG) nelle citt\u00e0 italiane in relazione all\u2019epidemia di Covid-19. Report 1&#8242; Febbraio &#8211; 18 Aprile 2020 (quinto rapporto). E&P Repository <a href='https:\/\/repo.epiprev.it\/1386'>https:\/\/repo.epiprev.it\/1386<\/a><button title=\"Copia citazione\" id=\"copyTextCite\"><span class=\"far fa-copy\"><\/span><\/button><\/p>\n\n\n\n<div class='w3eden'><!-- WPDM Link Template: Default Template -->\n\n\n<div class=\"link-template-default card mb-2\">\n    <div class=\"card-body\">\n        <div class=\"media stack-xs\">\n            <div class=\"media-body\">\n                <div class=\"media\">\n                    <div class=\"mr-3 img-48\"><img decoding=\"async\" class=\"wpdm_icon\" alt=\"Icona\" src=\"https:\/\/repo.epiprev.it\/wp-content\/plugins\/download-manager\/assets\/file-type-icons\/pdf.svg\" onError='this.src=\"https:\/\/repo.epiprev.it\/wp-content\/plugins\/download-manager\/assets\/file-type-icons\/unknown.svg\";' \/><\/div>\n                    <div class=\"media-body\">\n                        <h3 class=\"package-title\"><a href='https:\/\/repo.epiprev.it\/index.php\/download\/andamento-della-mortalita-giornaliera-sismg-nelle-citta-italiane-in-relazione-allepidemia-di-covid-19-report-1-febbraio-18-aprile-2020-quinto-rapporto\/'>Andamento della Mortalit\u00e0 Giornaliera (SiSMG) nelle citt\u00e0 italiane in relazione all\u2019epidemia di Covid-19. Report 1' Febbraio - 18 Aprile 2020 (quinto rapporto)<\/a><\/h3>\n                        <div class=\"text-muted text-small\"><i class=\"fas fa-file-download\"><\/i> 1305 Download <i class=\"fas fa-hdd ml-3\"><\/i> 3.85 MB<\/div>\n                    <\/div>\n                <\/div>\n            <\/div>\n            <div class=\"ml-3 wpdmdl-btn\">\n                <a class='wpdm-download-link btn btn-primary ' rel='nofollow' href='#' onclick=\"location.href='https:\/\/repo.epiprev.it\/index.php\/download\/andamento-della-mortalita-giornaliera-sismg-nelle-citta-italiane-in-relazione-allepidemia-di-covid-19-report-1-febbraio-18-aprile-2020-quinto-rapporto\/?wpdmdl=1388&refresh=69f4a960f20271777641824';return false;\">Download<\/a>\n            <\/div>\n        <\/div>\n\t\t\n    <\/div>\n<\/div>\n\n\n<\/div>\n\n\n\n<h4 class=\"wp-block-heading\">Info<\/h4>\n\n\n\n<p class=\"has-small-font-size\"><strong>Authors&#8217; Affiliations<\/strong> <br><sup>1<\/sup> Dipartimento di Epidemiologia SSR Regione Lazio <br><sup>2<\/sup> Ministero della Salute <\/p>\n\n\n\n<p class=\"has-small-font-size\"><strong>Authors&#8217; contributions: <\/strong>&#8211;<\/p>\n\n\n\n<p class=\"has-small-font-size\"><strong>Conflict of Interest: <\/strong>None declared.<\/p>\n\n\n\n<p class=\"has-small-font-size\"><strong>Funding source: <\/strong>-.<\/p>\n\n\n\n<p class=\"has-small-font-size\"><strong>Ethics committee approval: <\/strong>The study was based on publicly available aggregate data. No Ethics committee approval was necessary.<\/p>\n\n\n\n<p class=\"has-small-font-size\"><strong>Copyright<\/strong>: Il detentore del copyright \u00e8 l\u2019autore\/finanziatore, che ha concesso a \u201cE&amp;P Repository\u201d una licenza per rendere pubblico questo preprint. The copyright holder for this preprint is the author\/funder, who has granted E&amp;P Repository a license to display the preprint in perpetuity.<\/p>\n\n\n\n<p class=\"has-small-font-size\"><strong>Terms of distribution<\/strong>: <a rel=\"noreferrer noopener\" href=\"https:\/\/creativecommons.org\/licenses\/by\/4.0\/deed.it\" target=\"_blank\">CC BY<\/a><\/p>\n\n\n\n<hr \/><img src='https:\/\/repo.epiprev.it\/wp-content\/uploads\/2020\/04\/sismg_1feb-18apr.jpg' alt=\"sismg_1feb-18apr\" class='attachment-post-thumbnail size-post-thumbnail wp-post-image' \/><p class='has-small-font-size'>Quinto Rapporto<\/p><hr \/>\n\n\n\n<div style=\"height:20px\" aria-hidden=\"true\" class=\"wp-block-spacer\"><\/div>\n\n\n\n<p class=\"has-background has-small-font-size has-light-gray-background-color\"><strong>References &amp; Citations<\/strong><br><a rel=\"noreferrer noopener\" href=\"https:\/\/scholar.google.com\/scholar?q=Andamento della Mortalit\u00e0 Giornaliera (SiSMG) nelle citt\u00e0 italiane in relazione all\u2019epidemia di Covid-19. Report 1&#8242; Febbraio &#8211; 18 Aprile 2020 (quinto rapporto)\" target=\"_blank\">Google Scholar<\/a> <\/p>\n\n\n\n<p><a href=\"http:\/\/www.facebook.com\/sharer.php?u=https:\/\/www.repo.epiprev.it\/1386\" target=\"_blank\" rel=\"noopener noreferrer\" title=\"Condividi su Facebook\"><img decoding=\"async\" src=\"\/wp-content\/uploads\/2020\/04\/icon_facebook.png\"><\/a><a href=\"https:\/\/twitter.com\/intent\/tweet?url=https:\/\/www.repo.epiprev.it\/1386\" target=\"_blank\" rel=\"noopener noreferrer\" title=\"Condividi su Twitter\"><img decoding=\"async\" src=\"\/wp-content\/uploads\/2020\/04\/icon_twitter.png\"><\/a><a class=\"icon_whatsapp\" href=\"https:\/\/api.whatsapp.com\/send?text=https:\/\/repo.epiprev.it\/1386&amp;attribution=AMPhtml&amp;url=repo.epiprev.it\/1386\" target=\"_blank\" rel=\"noopener noreferrer\" title=\"Invia con WhatsApp\"><img decoding=\"async\" src=\"\/wp-content\/uploads\/2020\/04\/icon_whatsapp.png\"><\/a>\n<\/p>\n","protected":false},"excerpt":{"rendered":"<p>Il rapporto (dati aggiornati al 18 aprile) documenta per la quinta settimana consecutiva gli eccessi di mortalit\u00e0 nelle citt\u00e0 italiane incluse nel SiSMG in relazione all&#8217;epidemia di COVID-19.<\/p>\n","protected":false},"author":1,"featured_media":1491,"comment_status":"open","ping_status":"open","sticky":false,"template":"","format":"standard","meta":{"footnotes":""},"categories":[13],"tags":[31,16,32],"class_list":["post-1386","post","type-post","status-publish","format-standard","has-post-thumbnail","hentry","category-covid-19","tag-citta","tag-covid-19","tag-mortalita-giornaliera"],"yoast_head":"<!-- This site is optimized with the Yoast SEO plugin v27.0 - https:\/\/yoast.com\/product\/yoast-seo-wordpress\/ -->\n<title>Andamento della Mortalit\u00e0 Giornaliera (SiSMG) nelle citt\u00e0 italiane in relazione all\u2019epidemia di Covid-19. Report 1&#039; Febbraio - 18 Aprile 2020 (quinto rapporto) - E&amp;P Repository<\/title>\n<meta name=\"robots\" content=\"index, follow, max-snippet:-1, max-image-preview:large, max-video-preview:-1\" \/>\n<link rel=\"canonical\" href=\"https:\/\/repo.epiprev.it\/index.php\/2020\/04\/24\/andamento-della-mortalita-giornaliera-sismg-nelle-citta-italiane-in-relazione-allepidemia-di-covid-19-report-1-febbraio-18-aprile-2020-quinto-rapporto\/\" \/>\n<meta property=\"og:locale\" content=\"it_IT\" \/>\n<meta property=\"og:type\" content=\"article\" \/>\n<meta property=\"og:title\" content=\"Andamento della Mortalit\u00e0 Giornaliera (SiSMG) nelle citt\u00e0 italiane in relazione all\u2019epidemia di Covid-19. Report 1&#039; Febbraio - 18 Aprile 2020 (quinto rapporto) - E&amp;P Repository\" \/>\n<meta property=\"og:description\" content=\"Il rapporto (dati aggiornati al 18 aprile) documenta per la quinta settimana consecutiva gli eccessi di mortalit\u00e0 nelle citt\u00e0 italiane incluse nel SiSMG in relazione all&#039;epidemia di COVID-19.\" \/>\n<meta property=\"og:url\" content=\"https:\/\/repo.epiprev.it\/index.php\/2020\/04\/24\/andamento-della-mortalita-giornaliera-sismg-nelle-citta-italiane-in-relazione-allepidemia-di-covid-19-report-1-febbraio-18-aprile-2020-quinto-rapporto\/\" \/>\n<meta property=\"og:site_name\" content=\"E&amp;P Repository\" \/>\n<meta property=\"article:publisher\" content=\"https:\/\/www.facebook.com\/epiprev\/\" \/>\n<meta property=\"article:published_time\" content=\"2020-04-24T15:59:14+00:00\" \/>\n<meta property=\"article:modified_time\" content=\"2020-05-05T13:52:03+00:00\" \/>\n<meta property=\"og:image\" content=\"https:\/\/repo.epiprev.it\/wp-content\/uploads\/2020\/04\/logo_repo_facebook.png\" \/>\n\t<meta property=\"og:image:width\" content=\"1200\" \/>\n\t<meta property=\"og:image:height\" content=\"630\" \/>\n\t<meta property=\"og:image:type\" content=\"image\/png\" \/>\n<meta name=\"author\" content=\"administrator\" \/>\n<meta name=\"twitter:card\" content=\"summary_large_image\" \/>\n<meta name=\"twitter:image\" content=\"https:\/\/repo.epiprev.it\/wp-content\/uploads\/2020\/04\/logo_repo_twitter.png\" \/>\n<meta name=\"twitter:label1\" content=\"Scritto da\" \/>\n\t<meta name=\"twitter:data1\" content=\"administrator\" \/>\n\t<meta name=\"twitter:label2\" content=\"Tempo di lettura stimato\" \/>\n\t<meta name=\"twitter:data2\" content=\"4 minuti\" \/>\n<script type=\"application\/ld+json\" class=\"yoast-schema-graph\">{\"@context\":\"https:\/\/schema.org\",\"@graph\":[{\"@type\":\"Article\",\"@id\":\"https:\/\/repo.epiprev.it\/index.php\/2020\/04\/24\/andamento-della-mortalita-giornaliera-sismg-nelle-citta-italiane-in-relazione-allepidemia-di-covid-19-report-1-febbraio-18-aprile-2020-quinto-rapporto\/#article\",\"isPartOf\":{\"@id\":\"https:\/\/repo.epiprev.it\/index.php\/2020\/04\/24\/andamento-della-mortalita-giornaliera-sismg-nelle-citta-italiane-in-relazione-allepidemia-di-covid-19-report-1-febbraio-18-aprile-2020-quinto-rapporto\/\"},\"author\":{\"name\":\"administrator\",\"@id\":\"https:\/\/repo.epiprev.it\/#\/schema\/person\/2a184e8c4e97508ef5111e78c8d0a59c\"},\"headline\":\"Andamento della Mortalit\u00e0 Giornaliera (SiSMG) nelle citt\u00e0 italiane in relazione all\u2019epidemia di Covid-19. Report 1&#8242; Febbraio &#8211; 18 Aprile 2020 (quinto rapporto)\",\"datePublished\":\"2020-04-24T15:59:14+00:00\",\"dateModified\":\"2020-05-05T13:52:03+00:00\",\"mainEntityOfPage\":{\"@id\":\"https:\/\/repo.epiprev.it\/index.php\/2020\/04\/24\/andamento-della-mortalita-giornaliera-sismg-nelle-citta-italiane-in-relazione-allepidemia-di-covid-19-report-1-febbraio-18-aprile-2020-quinto-rapporto\/\"},\"wordCount\":879,\"commentCount\":0,\"publisher\":{\"@id\":\"https:\/\/repo.epiprev.it\/#organization\"},\"image\":{\"@id\":\"https:\/\/repo.epiprev.it\/index.php\/2020\/04\/24\/andamento-della-mortalita-giornaliera-sismg-nelle-citta-italiane-in-relazione-allepidemia-di-covid-19-report-1-febbraio-18-aprile-2020-quinto-rapporto\/#primaryimage\"},\"thumbnailUrl\":\"https:\/\/repo.epiprev.it\/wp-content\/uploads\/2020\/04\/sismg_1feb-18apr.jpg\",\"keywords\":[\"citt\u00e0\",\"COVID-19\",\"mortalit\u00e0 giornaliera\"],\"articleSection\":[\"COVID-19\"],\"inLanguage\":\"it-IT\",\"potentialAction\":[{\"@type\":\"CommentAction\",\"name\":\"Comment\",\"target\":[\"https:\/\/repo.epiprev.it\/index.php\/2020\/04\/24\/andamento-della-mortalita-giornaliera-sismg-nelle-citta-italiane-in-relazione-allepidemia-di-covid-19-report-1-febbraio-18-aprile-2020-quinto-rapporto\/#respond\"]}]},{\"@type\":\"WebPage\",\"@id\":\"https:\/\/repo.epiprev.it\/index.php\/2020\/04\/24\/andamento-della-mortalita-giornaliera-sismg-nelle-citta-italiane-in-relazione-allepidemia-di-covid-19-report-1-febbraio-18-aprile-2020-quinto-rapporto\/\",\"url\":\"https:\/\/repo.epiprev.it\/index.php\/2020\/04\/24\/andamento-della-mortalita-giornaliera-sismg-nelle-citta-italiane-in-relazione-allepidemia-di-covid-19-report-1-febbraio-18-aprile-2020-quinto-rapporto\/\",\"name\":\"Andamento della Mortalit\u00e0 Giornaliera (SiSMG) nelle citt\u00e0 italiane in relazione all\u2019epidemia di Covid-19. Report 1' Febbraio - 18 Aprile 2020 (quinto rapporto) - E&amp;P Repository\",\"isPartOf\":{\"@id\":\"https:\/\/repo.epiprev.it\/#website\"},\"primaryImageOfPage\":{\"@id\":\"https:\/\/repo.epiprev.it\/index.php\/2020\/04\/24\/andamento-della-mortalita-giornaliera-sismg-nelle-citta-italiane-in-relazione-allepidemia-di-covid-19-report-1-febbraio-18-aprile-2020-quinto-rapporto\/#primaryimage\"},\"image\":{\"@id\":\"https:\/\/repo.epiprev.it\/index.php\/2020\/04\/24\/andamento-della-mortalita-giornaliera-sismg-nelle-citta-italiane-in-relazione-allepidemia-di-covid-19-report-1-febbraio-18-aprile-2020-quinto-rapporto\/#primaryimage\"},\"thumbnailUrl\":\"https:\/\/repo.epiprev.it\/wp-content\/uploads\/2020\/04\/sismg_1feb-18apr.jpg\",\"datePublished\":\"2020-04-24T15:59:14+00:00\",\"dateModified\":\"2020-05-05T13:52:03+00:00\",\"breadcrumb\":{\"@id\":\"https:\/\/repo.epiprev.it\/index.php\/2020\/04\/24\/andamento-della-mortalita-giornaliera-sismg-nelle-citta-italiane-in-relazione-allepidemia-di-covid-19-report-1-febbraio-18-aprile-2020-quinto-rapporto\/#breadcrumb\"},\"inLanguage\":\"it-IT\",\"potentialAction\":[{\"@type\":\"ReadAction\",\"target\":[\"https:\/\/repo.epiprev.it\/index.php\/2020\/04\/24\/andamento-della-mortalita-giornaliera-sismg-nelle-citta-italiane-in-relazione-allepidemia-di-covid-19-report-1-febbraio-18-aprile-2020-quinto-rapporto\/\"]}]},{\"@type\":\"ImageObject\",\"inLanguage\":\"it-IT\",\"@id\":\"https:\/\/repo.epiprev.it\/index.php\/2020\/04\/24\/andamento-della-mortalita-giornaliera-sismg-nelle-citta-italiane-in-relazione-allepidemia-di-covid-19-report-1-febbraio-18-aprile-2020-quinto-rapporto\/#primaryimage\",\"url\":\"https:\/\/repo.epiprev.it\/wp-content\/uploads\/2020\/04\/sismg_1feb-18apr.jpg\",\"contentUrl\":\"https:\/\/repo.epiprev.it\/wp-content\/uploads\/2020\/04\/sismg_1feb-18apr.jpg\",\"width\":1200,\"height\":680,\"caption\":\"Quinto Rapporto\"},{\"@type\":\"BreadcrumbList\",\"@id\":\"https:\/\/repo.epiprev.it\/index.php\/2020\/04\/24\/andamento-della-mortalita-giornaliera-sismg-nelle-citta-italiane-in-relazione-allepidemia-di-covid-19-report-1-febbraio-18-aprile-2020-quinto-rapporto\/#breadcrumb\",\"itemListElement\":[{\"@type\":\"ListItem\",\"position\":1,\"name\":\"Home\",\"item\":\"https:\/\/repo.epiprev.it\/\"},{\"@type\":\"ListItem\",\"position\":2,\"name\":\"Andamento della Mortalit\u00e0 Giornaliera (SiSMG) nelle citt\u00e0 italiane in relazione all\u2019epidemia di Covid-19. Report 1&#8242; Febbraio &#8211; 18 Aprile 2020 (quinto rapporto)\"}]},{\"@type\":\"WebSite\",\"@id\":\"https:\/\/repo.epiprev.it\/#website\",\"url\":\"https:\/\/repo.epiprev.it\/\",\"name\":\"E&amp;P Repository\",\"description\":\"- RIVISTA DELL&#039;ASSOCIAZIONE ITALIANA DI EPIDEMIOLOGIA\",\"publisher\":{\"@id\":\"https:\/\/repo.epiprev.it\/#organization\"},\"potentialAction\":[{\"@type\":\"SearchAction\",\"target\":{\"@type\":\"EntryPoint\",\"urlTemplate\":\"https:\/\/repo.epiprev.it\/?s={search_term_string}\"},\"query-input\":{\"@type\":\"PropertyValueSpecification\",\"valueRequired\":true,\"valueName\":\"search_term_string\"}}],\"inLanguage\":\"it-IT\"},{\"@type\":\"Organization\",\"@id\":\"https:\/\/repo.epiprev.it\/#organization\",\"name\":\"Rivista Epiprev\",\"url\":\"https:\/\/repo.epiprev.it\/\",\"logo\":{\"@type\":\"ImageObject\",\"inLanguage\":\"it-IT\",\"@id\":\"https:\/\/repo.epiprev.it\/#\/schema\/logo\/image\/\",\"url\":\"\",\"contentUrl\":\"\",\"caption\":\"Rivista Epiprev\"},\"image\":{\"@id\":\"https:\/\/repo.epiprev.it\/#\/schema\/logo\/image\/\"},\"sameAs\":[\"https:\/\/www.facebook.com\/epiprev\/\"]},{\"@type\":\"Person\",\"@id\":\"https:\/\/repo.epiprev.it\/#\/schema\/person\/2a184e8c4e97508ef5111e78c8d0a59c\",\"name\":\"administrator\",\"image\":{\"@type\":\"ImageObject\",\"inLanguage\":\"it-IT\",\"@id\":\"https:\/\/repo.epiprev.it\/#\/schema\/person\/image\/\",\"url\":\"https:\/\/secure.gravatar.com\/avatar\/4ad25646debce6ba00e77ffa65a5e065aa33c5a21571725744bade4c95c9986a?s=96&d=mm&r=g\",\"contentUrl\":\"https:\/\/secure.gravatar.com\/avatar\/4ad25646debce6ba00e77ffa65a5e065aa33c5a21571725744bade4c95c9986a?s=96&d=mm&r=g\",\"caption\":\"administrator\"}}]}<\/script>\n<!-- \/ Yoast SEO plugin. -->","yoast_head_json":{"title":"Andamento della Mortalit\u00e0 Giornaliera (SiSMG) nelle citt\u00e0 italiane in relazione all\u2019epidemia di Covid-19. Report 1' Febbraio - 18 Aprile 2020 (quinto rapporto) - E&amp;P Repository","robots":{"index":"index","follow":"follow","max-snippet":"max-snippet:-1","max-image-preview":"max-image-preview:large","max-video-preview":"max-video-preview:-1"},"canonical":"https:\/\/repo.epiprev.it\/index.php\/2020\/04\/24\/andamento-della-mortalita-giornaliera-sismg-nelle-citta-italiane-in-relazione-allepidemia-di-covid-19-report-1-febbraio-18-aprile-2020-quinto-rapporto\/","og_locale":"it_IT","og_type":"article","og_title":"Andamento della Mortalit\u00e0 Giornaliera (SiSMG) nelle citt\u00e0 italiane in relazione all\u2019epidemia di Covid-19. Report 1' Febbraio - 18 Aprile 2020 (quinto rapporto) - E&amp;P Repository","og_description":"Il rapporto (dati aggiornati al 18 aprile) documenta per la quinta settimana consecutiva gli eccessi di mortalit\u00e0 nelle citt\u00e0 italiane incluse nel SiSMG in relazione all'epidemia di COVID-19.","og_url":"https:\/\/repo.epiprev.it\/index.php\/2020\/04\/24\/andamento-della-mortalita-giornaliera-sismg-nelle-citta-italiane-in-relazione-allepidemia-di-covid-19-report-1-febbraio-18-aprile-2020-quinto-rapporto\/","og_site_name":"E&amp;P Repository","article_publisher":"https:\/\/www.facebook.com\/epiprev\/","article_published_time":"2020-04-24T15:59:14+00:00","article_modified_time":"2020-05-05T13:52:03+00:00","og_image":[{"width":1200,"height":630,"url":"https:\/\/repo.epiprev.it\/wp-content\/uploads\/2020\/04\/logo_repo_facebook.png","type":"image\/png"}],"author":"administrator","twitter_card":"summary_large_image","twitter_image":"https:\/\/repo.epiprev.it\/wp-content\/uploads\/2020\/04\/logo_repo_twitter.png","twitter_misc":{"Scritto da":"administrator","Tempo di lettura stimato":"4 minuti"},"schema":{"@context":"https:\/\/schema.org","@graph":[{"@type":"Article","@id":"https:\/\/repo.epiprev.it\/index.php\/2020\/04\/24\/andamento-della-mortalita-giornaliera-sismg-nelle-citta-italiane-in-relazione-allepidemia-di-covid-19-report-1-febbraio-18-aprile-2020-quinto-rapporto\/#article","isPartOf":{"@id":"https:\/\/repo.epiprev.it\/index.php\/2020\/04\/24\/andamento-della-mortalita-giornaliera-sismg-nelle-citta-italiane-in-relazione-allepidemia-di-covid-19-report-1-febbraio-18-aprile-2020-quinto-rapporto\/"},"author":{"name":"administrator","@id":"https:\/\/repo.epiprev.it\/#\/schema\/person\/2a184e8c4e97508ef5111e78c8d0a59c"},"headline":"Andamento della Mortalit\u00e0 Giornaliera (SiSMG) nelle citt\u00e0 italiane in relazione all\u2019epidemia di Covid-19. Report 1&#8242; Febbraio &#8211; 18 Aprile 2020 (quinto rapporto)","datePublished":"2020-04-24T15:59:14+00:00","dateModified":"2020-05-05T13:52:03+00:00","mainEntityOfPage":{"@id":"https:\/\/repo.epiprev.it\/index.php\/2020\/04\/24\/andamento-della-mortalita-giornaliera-sismg-nelle-citta-italiane-in-relazione-allepidemia-di-covid-19-report-1-febbraio-18-aprile-2020-quinto-rapporto\/"},"wordCount":879,"commentCount":0,"publisher":{"@id":"https:\/\/repo.epiprev.it\/#organization"},"image":{"@id":"https:\/\/repo.epiprev.it\/index.php\/2020\/04\/24\/andamento-della-mortalita-giornaliera-sismg-nelle-citta-italiane-in-relazione-allepidemia-di-covid-19-report-1-febbraio-18-aprile-2020-quinto-rapporto\/#primaryimage"},"thumbnailUrl":"https:\/\/repo.epiprev.it\/wp-content\/uploads\/2020\/04\/sismg_1feb-18apr.jpg","keywords":["citt\u00e0","COVID-19","mortalit\u00e0 giornaliera"],"articleSection":["COVID-19"],"inLanguage":"it-IT","potentialAction":[{"@type":"CommentAction","name":"Comment","target":["https:\/\/repo.epiprev.it\/index.php\/2020\/04\/24\/andamento-della-mortalita-giornaliera-sismg-nelle-citta-italiane-in-relazione-allepidemia-di-covid-19-report-1-febbraio-18-aprile-2020-quinto-rapporto\/#respond"]}]},{"@type":"WebPage","@id":"https:\/\/repo.epiprev.it\/index.php\/2020\/04\/24\/andamento-della-mortalita-giornaliera-sismg-nelle-citta-italiane-in-relazione-allepidemia-di-covid-19-report-1-febbraio-18-aprile-2020-quinto-rapporto\/","url":"https:\/\/repo.epiprev.it\/index.php\/2020\/04\/24\/andamento-della-mortalita-giornaliera-sismg-nelle-citta-italiane-in-relazione-allepidemia-di-covid-19-report-1-febbraio-18-aprile-2020-quinto-rapporto\/","name":"Andamento della Mortalit\u00e0 Giornaliera (SiSMG) nelle citt\u00e0 italiane in relazione all\u2019epidemia di Covid-19. Report 1' Febbraio - 18 Aprile 2020 (quinto rapporto) - E&amp;P Repository","isPartOf":{"@id":"https:\/\/repo.epiprev.it\/#website"},"primaryImageOfPage":{"@id":"https:\/\/repo.epiprev.it\/index.php\/2020\/04\/24\/andamento-della-mortalita-giornaliera-sismg-nelle-citta-italiane-in-relazione-allepidemia-di-covid-19-report-1-febbraio-18-aprile-2020-quinto-rapporto\/#primaryimage"},"image":{"@id":"https:\/\/repo.epiprev.it\/index.php\/2020\/04\/24\/andamento-della-mortalita-giornaliera-sismg-nelle-citta-italiane-in-relazione-allepidemia-di-covid-19-report-1-febbraio-18-aprile-2020-quinto-rapporto\/#primaryimage"},"thumbnailUrl":"https:\/\/repo.epiprev.it\/wp-content\/uploads\/2020\/04\/sismg_1feb-18apr.jpg","datePublished":"2020-04-24T15:59:14+00:00","dateModified":"2020-05-05T13:52:03+00:00","breadcrumb":{"@id":"https:\/\/repo.epiprev.it\/index.php\/2020\/04\/24\/andamento-della-mortalita-giornaliera-sismg-nelle-citta-italiane-in-relazione-allepidemia-di-covid-19-report-1-febbraio-18-aprile-2020-quinto-rapporto\/#breadcrumb"},"inLanguage":"it-IT","potentialAction":[{"@type":"ReadAction","target":["https:\/\/repo.epiprev.it\/index.php\/2020\/04\/24\/andamento-della-mortalita-giornaliera-sismg-nelle-citta-italiane-in-relazione-allepidemia-di-covid-19-report-1-febbraio-18-aprile-2020-quinto-rapporto\/"]}]},{"@type":"ImageObject","inLanguage":"it-IT","@id":"https:\/\/repo.epiprev.it\/index.php\/2020\/04\/24\/andamento-della-mortalita-giornaliera-sismg-nelle-citta-italiane-in-relazione-allepidemia-di-covid-19-report-1-febbraio-18-aprile-2020-quinto-rapporto\/#primaryimage","url":"https:\/\/repo.epiprev.it\/wp-content\/uploads\/2020\/04\/sismg_1feb-18apr.jpg","contentUrl":"https:\/\/repo.epiprev.it\/wp-content\/uploads\/2020\/04\/sismg_1feb-18apr.jpg","width":1200,"height":680,"caption":"Quinto Rapporto"},{"@type":"BreadcrumbList","@id":"https:\/\/repo.epiprev.it\/index.php\/2020\/04\/24\/andamento-della-mortalita-giornaliera-sismg-nelle-citta-italiane-in-relazione-allepidemia-di-covid-19-report-1-febbraio-18-aprile-2020-quinto-rapporto\/#breadcrumb","itemListElement":[{"@type":"ListItem","position":1,"name":"Home","item":"https:\/\/repo.epiprev.it\/"},{"@type":"ListItem","position":2,"name":"Andamento della Mortalit\u00e0 Giornaliera (SiSMG) nelle citt\u00e0 italiane in relazione all\u2019epidemia di Covid-19. Report 1&#8242; Febbraio &#8211; 18 Aprile 2020 (quinto rapporto)"}]},{"@type":"WebSite","@id":"https:\/\/repo.epiprev.it\/#website","url":"https:\/\/repo.epiprev.it\/","name":"E&amp;P Repository","description":"- RIVISTA DELL&#039;ASSOCIAZIONE ITALIANA DI EPIDEMIOLOGIA","publisher":{"@id":"https:\/\/repo.epiprev.it\/#organization"},"potentialAction":[{"@type":"SearchAction","target":{"@type":"EntryPoint","urlTemplate":"https:\/\/repo.epiprev.it\/?s={search_term_string}"},"query-input":{"@type":"PropertyValueSpecification","valueRequired":true,"valueName":"search_term_string"}}],"inLanguage":"it-IT"},{"@type":"Organization","@id":"https:\/\/repo.epiprev.it\/#organization","name":"Rivista Epiprev","url":"https:\/\/repo.epiprev.it\/","logo":{"@type":"ImageObject","inLanguage":"it-IT","@id":"https:\/\/repo.epiprev.it\/#\/schema\/logo\/image\/","url":"","contentUrl":"","caption":"Rivista Epiprev"},"image":{"@id":"https:\/\/repo.epiprev.it\/#\/schema\/logo\/image\/"},"sameAs":["https:\/\/www.facebook.com\/epiprev\/"]},{"@type":"Person","@id":"https:\/\/repo.epiprev.it\/#\/schema\/person\/2a184e8c4e97508ef5111e78c8d0a59c","name":"administrator","image":{"@type":"ImageObject","inLanguage":"it-IT","@id":"https:\/\/repo.epiprev.it\/#\/schema\/person\/image\/","url":"https:\/\/secure.gravatar.com\/avatar\/4ad25646debce6ba00e77ffa65a5e065aa33c5a21571725744bade4c95c9986a?s=96&d=mm&r=g","contentUrl":"https:\/\/secure.gravatar.com\/avatar\/4ad25646debce6ba00e77ffa65a5e065aa33c5a21571725744bade4c95c9986a?s=96&d=mm&r=g","caption":"administrator"}}]}},"_links":{"self":[{"href":"https:\/\/repo.epiprev.it\/index.php\/wp-json\/wp\/v2\/posts\/1386","targetHints":{"allow":["GET"]}}],"collection":[{"href":"https:\/\/repo.epiprev.it\/index.php\/wp-json\/wp\/v2\/posts"}],"about":[{"href":"https:\/\/repo.epiprev.it\/index.php\/wp-json\/wp\/v2\/types\/post"}],"author":[{"embeddable":true,"href":"https:\/\/repo.epiprev.it\/index.php\/wp-json\/wp\/v2\/users\/1"}],"replies":[{"embeddable":true,"href":"https:\/\/repo.epiprev.it\/index.php\/wp-json\/wp\/v2\/comments?post=1386"}],"version-history":[{"count":7,"href":"https:\/\/repo.epiprev.it\/index.php\/wp-json\/wp\/v2\/posts\/1386\/revisions"}],"predecessor-version":[{"id":1541,"href":"https:\/\/repo.epiprev.it\/index.php\/wp-json\/wp\/v2\/posts\/1386\/revisions\/1541"}],"wp:featuredmedia":[{"embeddable":true,"href":"https:\/\/repo.epiprev.it\/index.php\/wp-json\/wp\/v2\/media\/1491"}],"wp:attachment":[{"href":"https:\/\/repo.epiprev.it\/index.php\/wp-json\/wp\/v2\/media?parent=1386"}],"wp:term":[{"taxonomy":"category","embeddable":true,"href":"https:\/\/repo.epiprev.it\/index.php\/wp-json\/wp\/v2\/categories?post=1386"},{"taxonomy":"post_tag","embeddable":true,"href":"https:\/\/repo.epiprev.it\/index.php\/wp-json\/wp\/v2\/tags?post=1386"}],"curies":[{"name":"wp","href":"https:\/\/api.w.org\/{rel}","templated":true}]}}