{"id":1878,"date":"2020-06-23T07:30:00","date_gmt":"2020-06-23T07:30:00","guid":{"rendered":"https:\/\/repo.epiprev.it\/?p=1878"},"modified":"2020-06-23T07:41:01","modified_gmt":"2020-06-23T07:41:01","slug":"sorveglianza-della-mortalita-durante-la-pandemia-covid-19-in-regione-emilia-romagna","status":"publish","type":"post","link":"https:\/\/repo.epiprev.it\/index.php\/2020\/06\/23\/sorveglianza-della-mortalita-durante-la-pandemia-covid-19-in-regione-emilia-romagna\/","title":{"rendered":"Sorveglianza della mortalit\u00e0 durante la pandemia COVID-19 in regione Emilia-Romagna"},"content":{"rendered":"\n<p class=\"has-small-font-size\"><strong>Publication date:<\/strong> 23\/06\/2020 &#8211;  <strong>E&amp;P Code:<\/strong>  <a rel=\"noreferrer noopener\" aria-label=\" (opens in a new tab)\" href=\"https:\/\/repo.epiprev.it\/1878\" target=\"_blank\">repo.epiprev.it\/1878<\/a>   <br><strong>Authors:<\/strong> Bartolini Letizia<sup>1<\/sup>, Chiara Di Girolamo<sup>1<\/sup>, Nicola Caranci<sup>1<\/sup>, Maria Luisa Moro<sup>1<\/sup><\/p>\n\n\n\n<p class=\"has-small-font-size\">,<strong>Abstract<\/strong>: La pandemia legata alla diffusione del virus SARS-CoV-2 ha determinato un impatto sanitario dalle dimensioni inizialmente difficili da definire. Tra le prime attivit\u00e0 di monitoraggio in vari ambiti geografici italiani vi \u00e8 stata l\u2019analisi della mortalit\u00e0 generale e tra i casi notificati come positivi nel sistema di sorveglianza del COVID-19. Con l\u2019obiettivo di analizzare l\u2019ordine di grandezza, in termini assoluti e in riferimento all\u2019atteso del quinquennio 2015-2019, si sono descritti i decessi avvenuti nel periodo 1\u00b0 gennaio-15 maggio nell\u2019intera regione Emilia-Romagna. Tramite le registrazioni che alimentano l\u2019anagrafe delle persone assistite e la registrazione delle notifiche, si \u00e8 potuto rilevare un eccesso della mortalit\u00e0 del 24% (uomini: 29%, donne: 19%) rispetto ai valori medi dello stesso periodo del quinquennio precedente. Mentre fino a febbraio 2020 la mortalit\u00e0 era stata inferiore all\u2019atteso, \u00e8 seguito un sensibile aumento fino ad un massimo nella settimana 18-24 marzo (+113%). Tale eccesso \u00e8 stato pi\u00f9 accentuato nelle provincie occidentali (+491% nella provincia di Piacenza) e sensibilmente minore nella provincia di Ferrara e in Romagna, ad eccezione di Rimini, che ha avuto un impatto di intensit\u00e0 intermedia e spostato in avanti, come avvenuto a Reggio Emilia e a Modena. A Bologna la massima intensit\u00e0 si \u00e8 registrata ancora pi\u00f9 avanti nel tempo (aprile inoltrato).<\/p>\n\n\n\n<!--more-->\n\n\n\n<p class=\"has-small-font-size\">La frazione di decessi che si sono verificati nei soggetti con diagnosi di infezione da SARS-CoV-2 \u00e8 stata di circa il 70% rispetto ai decessi totali del periodo epidemico (24 febbraio-15 maggio), ed \u00e8 stata variabile nel periodo \u2013 relativamente pi\u00f9 alta alla fine, nonostante in termini assoluti si \u00e8 andata assottigliando \u2013 e tra i territori (province e distretti). A partire dall&#8217;inizio di maggio, a distanza di due-tre settimane dall&#8217;attuazione delle misure di distanziamento fisico, la mortalit\u00e0 \u00e8 iniziata a diminuire ed \u00e8 tornata al livello atteso \u201cdi base\u201d.<\/p>\n\n\n\n<p class=\"has-small-font-size\">L\u2019analisi della numerosit\u00e0 dei decessi si \u00e8 rilevata utile per effettuare una prima valutazione di impatto concomitante con l\u2019ondata epidemica di marzo-aprile 2020 della pandemia da COVID-19, anche al fine di avere un ordine di grandezza degli effetti pi\u00f9 gravi registrati nelle sue prime fasi. Approfondimenti sulle misure relative di occorrenza e sui fattori influenti, a partire dalle caratteristiche demografiche e sociali, l\u2019analisi delle cause di morte e la considerazione di un periodo che permetta un bilancio pi\u00f9 complessivo \u2013 con la possibilit\u00e0 di considerare effetti di compensazione nel tempo \u2013serviranno ulteriormente a definire gli altri tratti rilevanti della mortalit\u00e0 nella primavera 2020, qui descritto per l\u2019Emilia-Romagna.<\/p>\n\n\n\n<p class=\"has-small-font-size\"><strong>Cite as<\/strong>: Bartolini Letizia, Chiara Di Girolamo, Nicola Caranci, Maria Luisa Moro, et. al. (2020). Sorveglianza della mortalit\u00e0 durante la pandemia COVID-19 in regione Emilia-Romagna. E&P Repository <a href='https:\/\/repo.epiprev.it\/1878'>https:\/\/repo.epiprev.it\/1878<\/a><button title=\"Copia citazione\" id=\"copyTextCite\"><span class=\"far fa-copy\"><\/span><\/button><\/p>\n\n\n\n<p class=\"has-small-font-size\"><strong>Topic<\/strong>: <a href='\/index.php\/category\/COVID-19'>COVID-19<\/a><\/p>\n\n\n\n<p class=\"has-small-font-size\"><strong>Key words<\/strong>: <a href=\"https:\/\/repo.epiprev.it\/index.php\/tag\/covid-19\/\" rel=\"tag\">COVID-19<\/a>, <a href=\"https:\/\/repo.epiprev.it\/index.php\/tag\/eccesso-di-mortalita\/\" rel=\"tag\">eccesso di mortalit\u00e0<\/a>, <a href=\"https:\/\/repo.epiprev.it\/index.php\/tag\/emilia-romagna\/\" rel=\"tag\">Emilia-Romagna<\/a>, <a href=\"https:\/\/repo.epiprev.it\/index.php\/tag\/mortalita-giornaliera\/\" rel=\"tag\">mortalit\u00e0 giornaliera<\/a>, <\/p>\n\n\n\n<p class=\"has-small-font-size\"><strong>AVVERTENZA. GLI ARTICOLI PRESENTI NEL REPOSITORY NON SONO SOTTOPOSTI A PEER REVIEW.<\/strong><\/p>\n\n\n\n<div class='w3eden'><!-- WPDM Link Template: Default Template -->\n\n\n<div class=\"link-template-default card mb-2\">\n    <div class=\"card-body\">\n        <div class=\"media stack-xs\">\n            <div class=\"media-body\">\n                <div class=\"media\">\n                    <div class=\"mr-3 img-48\"><img decoding=\"async\" class=\"wpdm_icon\" alt=\"Icona\" src=\"https:\/\/repo.epiprev.it\/wp-content\/plugins\/download-manager\/assets\/file-type-icons\/pdf.svg\" onError='this.src=\"https:\/\/repo.epiprev.it\/wp-content\/plugins\/download-manager\/assets\/file-type-icons\/unknown.svg\";' \/><\/div>\n                    <div class=\"media-body\">\n                        <h3 class=\"package-title\"><a href='https:\/\/repo.epiprev.it\/index.php\/download\/sorveglianza-della-mortalita-durante-la-pandemia-covid-19-in-regione-emilia-romagna\/'>Sorveglianza della mortalit\u00e0 durante la pandemia COVID-19 in regione Emilia-Romagna<\/a><\/h3>\n                        <div class=\"text-muted text-small\"><i class=\"fas fa-file-download\"><\/i> 78 Download <i class=\"fas fa-hdd ml-3\"><\/i> 2.44 MB<\/div>\n                    <\/div>\n                <\/div>\n            <\/div>\n            <div class=\"ml-3 wpdmdl-btn\">\n                <a class='wpdm-download-link btn btn-primary ' rel='nofollow' href='#' onclick=\"location.href='https:\/\/repo.epiprev.it\/index.php\/download\/sorveglianza-della-mortalita-durante-la-pandemia-covid-19-in-regione-emilia-romagna\/?wpdmdl=1876&refresh=69ee7d2a4f56a1777237290';return false;\">Download<\/a>\n            <\/div>\n        <\/div>\n\t\t\n    <\/div>\n<\/div>\n\n\n<\/div>\n\n\n\n<h4 class=\"wp-block-heading\">Info<\/h4>\n\n\n\n<p class=\"has-small-font-size\"><strong>Affiliations<\/strong>: <br><sup>1 <\/sup>Agenzia Sanitaria e Sociale regionale, Emilia-Romagna<br><sup>2<\/sup> Servizio Prevenzione Collettiva e Sanit\u00e0 Pubblica, Direzione Generale Cura della Persona, Salute e Welfare, Regione Emilia-Romagna<br><sup>3<\/sup> Servizio ICT, Tecnologie e Strutture Sanitarie, Direzione Generale Cura della Persona, Salute e Welfare, Regione Emilia-Romagna<br><sup>4<\/sup> Servizio Epidemiologia e Comunicazione del rischio, Dipartimento di Sanit\u00e0 Pubblica AUSL Modena<br><sup>5<\/sup> Servizio Statistica e Sistemi Informativi Geografici, Direzione Generale Risorse, Europa, Innovazione e Istituzioni, Regione Emilia-Romagna<br><sup>6<\/sup> Gabinetto del Presidente Della Giunta, Regione Emilia-Romagna<\/p>\n\n\n\n<p class=\"has-small-font-size\"><strong>Authors&#8217; contributions: <\/strong>Oltre agli autori hanno collaborato: Paola Angelini<sup>2<\/sup>, Sergio Battaglia<sup>3<\/sup>, Serena Broccoli<sup>2<\/sup>, Giuliano Carrozzi<sup>4<\/sup>, Gisella Garaffoni<sup>3<\/sup>, Maria Giulia Gatti<sup>4<\/sup>, Annalisa Laghi<sup>5<\/sup>, Angelina Mazzocchetti<sup>5<\/sup>, Barbara Santi<sup>6<\/sup>, Stefano Sforza<sup>1<\/sup><\/p>\n\n\n\n<p class=\"has-small-font-size\"><strong>Competing interests: <\/strong>&#8211;<\/p>\n\n\n\n<p class=\"has-small-font-size\"><strong>Funding disclosure:<\/strong> &#8211;<\/p>\n\n\n\n<p class=\"has-small-font-size\"><strong>Ethics committee approval: <\/strong>&#8211;<\/p>\n\n\n\n<p class=\"has-small-font-size\"><strong>Copyright<\/strong>:  Il detentore del copyright \u00e8 l\u2019autore\/finanziatore, che ha concesso a \u201cE&amp;P Repository\u201d una licenza per rendere pubblico questo preprint. The copyright holder for this preprint is the author\/funder, who has granted E&amp;P Repository a license to display the preprint in perpetuity.<\/p>\n\n\n\n<p class=\"has-small-font-size\"><strong>Terms of distribution<\/strong>: <a rel=\"noreferrer noopener\" href=\"https:\/\/creativecommons.org\/licenses\/by-nc\/4.0\/deed.it\" target=\"_blank\">CC BY-NC<\/a> <\/p>\n\n\n\n<hr \/><img src='https:\/\/repo.epiprev.it\/wp-content\/uploads\/2020\/06\/variazione_percentuale_numero_decessi_emilia_romagna_covid19.jpg' alt=\"variazione_percentuale_numero_decessi_emilia_romagna_covid19\" class='attachment-post-thumbnail size-post-thumbnail wp-post-image' \/><p class='has-small-font-size'>Variazione percentuale del numero dei decessi per distretto, regione Emilia-Romagna, 4 marzo-12 maggio 2020<\/p><hr \/>\n\n\n\n<div style=\"height:20px\" aria-hidden=\"true\" class=\"wp-block-spacer\"><\/div>\n\n\n\n<p class=\"has-background has-small-font-size has-light-gray-background-color\"><strong>References &amp; Citations<\/strong><br><a rel=\"noreferrer noopener\" aria-label=\" (opens in a new tab)\" href=\"https:\/\/scholar.google.com\/scholar?q=Sorveglianza della mortalit\u00e0 durante la pandemia COVID-19 in regione Emilia-Romagna\" target=\"_blank\">Google Scholar<\/a><\/p>\n\n\n\n<p><a href=\"http:\/\/www.facebook.com\/sharer.php?u=https:\/\/www.repo.epiprev.it\/1878\" target=\"_blank\" rel=\"noopener noreferrer\" title=\"Condividi su Facebook\"><img decoding=\"async\" src=\"\/wp-content\/uploads\/2020\/04\/icon_facebook.png\"><\/a><a href=\"https:\/\/twitter.com\/intent\/tweet?url=https:\/\/www.repo.epiprev.it\/1878\" target=\"_blank\" rel=\"noopener noreferrer\" title=\"Condividi su Twitter\"><img decoding=\"async\" src=\"\/wp-content\/uploads\/2020\/04\/icon_twitter.png\"><\/a><a class=\"icon_whatsapp\" href=\"https:\/\/api.whatsapp.com\/send?text=https%3A%2F%2Frepo.epiprev.it\/1878&amp;attribution=AMPhtml&amp;url=https%3A%2F%2Frepo.epiprev.it\/1878\" target=\"_blank\" rel=\"noopener noreferrer\" title=\"Invia con WhatsApp\"><img decoding=\"async\" src=\"\/wp-content\/uploads\/2020\/04\/icon_whatsapp.png\"><\/a><\/p>\n","protected":false},"excerpt":{"rendered":"<p>L\u2019obiettivo di questo contributo \u00e8 di monitorare l\u2019andamento e la variabilit\u00e0 territoriale della mortalit\u00e0 nella regione Emilia-Romagna, quantificare l\u2019eccesso di mortalit\u00e0 e il contributo dei decessi nei soggetti con diagnosi di infezione da SARS-CoV-2 all\u2019eccesso nella mortalit\u00e0 generale e valutare i cambiamenti nel tempo, anche in relazione alle misure di salute pubblica implementate e ancor prima di studiare le misure di occorrenza relativa e distinguere i decessi per cause.<\/p>\n","protected":false},"author":1,"featured_media":1877,"comment_status":"open","ping_status":"open","sticky":false,"template":"","format":"standard","meta":{"footnotes":""},"categories":[13],"tags":[16,119,128,32],"class_list":["post-1878","post","type-post","status-publish","format-standard","has-post-thumbnail","hentry","category-covid-19","tag-covid-19","tag-eccesso-di-mortalita","tag-emilia-romagna","tag-mortalita-giornaliera"],"yoast_head":"<!-- This site is optimized with the Yoast SEO plugin v27.0 - https:\/\/yoast.com\/product\/yoast-seo-wordpress\/ -->\n<title>Sorveglianza della mortalit\u00e0 durante la pandemia COVID-19 in regione Emilia-Romagna - E&amp;P Repository<\/title>\n<meta name=\"robots\" content=\"index, follow, max-snippet:-1, max-image-preview:large, max-video-preview:-1\" \/>\n<link rel=\"canonical\" href=\"https:\/\/repo.epiprev.it\/index.php\/2020\/06\/23\/sorveglianza-della-mortalita-durante-la-pandemia-covid-19-in-regione-emilia-romagna\/\" \/>\n<meta property=\"og:locale\" content=\"it_IT\" \/>\n<meta property=\"og:type\" content=\"article\" \/>\n<meta property=\"og:title\" content=\"Sorveglianza della mortalit\u00e0 durante la pandemia COVID-19 in regione Emilia-Romagna - E&amp;P Repository\" \/>\n<meta property=\"og:description\" content=\"L\u2019obiettivo di questo contributo \u00e8 di monitorare l\u2019andamento e la variabilit\u00e0 territoriale della mortalit\u00e0 nella regione Emilia-Romagna, quantificare l\u2019eccesso di mortalit\u00e0 e il contributo dei decessi nei soggetti con diagnosi di infezione da SARS-CoV-2 all\u2019eccesso nella mortalit\u00e0 generale e valutare i cambiamenti nel tempo, anche in relazione alle misure di salute pubblica implementate e ancor prima di studiare le misure di occorrenza relativa e distinguere i decessi per cause.\" \/>\n<meta property=\"og:url\" content=\"https:\/\/repo.epiprev.it\/index.php\/2020\/06\/23\/sorveglianza-della-mortalita-durante-la-pandemia-covid-19-in-regione-emilia-romagna\/\" \/>\n<meta property=\"og:site_name\" content=\"E&amp;P Repository\" \/>\n<meta property=\"article:publisher\" content=\"https:\/\/www.facebook.com\/epiprev\/\" \/>\n<meta property=\"article:published_time\" content=\"2020-06-23T07:30:00+00:00\" \/>\n<meta property=\"article:modified_time\" content=\"2020-06-23T07:41:01+00:00\" \/>\n<meta property=\"og:image\" content=\"https:\/\/repo.epiprev.it\/wp-content\/uploads\/2020\/06\/variazione_percentuale_numero_decessi_emilia_romagna_covid19.jpg\" \/>\n\t<meta property=\"og:image:width\" content=\"1200\" \/>\n\t<meta property=\"og:image:height\" content=\"680\" \/>\n\t<meta property=\"og:image:type\" content=\"image\/jpeg\" \/>\n<meta name=\"author\" content=\"administrator\" \/>\n<meta name=\"twitter:card\" content=\"summary_large_image\" \/>\n<meta name=\"twitter:label1\" content=\"Scritto da\" \/>\n\t<meta name=\"twitter:data1\" content=\"administrator\" \/>\n\t<meta name=\"twitter:label2\" content=\"Tempo di lettura stimato\" \/>\n\t<meta name=\"twitter:data2\" content=\"3 minuti\" \/>\n<script type=\"application\/ld+json\" class=\"yoast-schema-graph\">{\"@context\":\"https:\/\/schema.org\",\"@graph\":[{\"@type\":\"Article\",\"@id\":\"https:\/\/repo.epiprev.it\/index.php\/2020\/06\/23\/sorveglianza-della-mortalita-durante-la-pandemia-covid-19-in-regione-emilia-romagna\/#article\",\"isPartOf\":{\"@id\":\"https:\/\/repo.epiprev.it\/index.php\/2020\/06\/23\/sorveglianza-della-mortalita-durante-la-pandemia-covid-19-in-regione-emilia-romagna\/\"},\"author\":{\"name\":\"administrator\",\"@id\":\"https:\/\/repo.epiprev.it\/#\/schema\/person\/2a184e8c4e97508ef5111e78c8d0a59c\"},\"headline\":\"Sorveglianza della mortalit\u00e0 durante la pandemia COVID-19 in regione Emilia-Romagna\",\"datePublished\":\"2020-06-23T07:30:00+00:00\",\"dateModified\":\"2020-06-23T07:41:01+00:00\",\"mainEntityOfPage\":{\"@id\":\"https:\/\/repo.epiprev.it\/index.php\/2020\/06\/23\/sorveglianza-della-mortalita-durante-la-pandemia-covid-19-in-regione-emilia-romagna\/\"},\"wordCount\":636,\"commentCount\":0,\"publisher\":{\"@id\":\"https:\/\/repo.epiprev.it\/#organization\"},\"image\":{\"@id\":\"https:\/\/repo.epiprev.it\/index.php\/2020\/06\/23\/sorveglianza-della-mortalita-durante-la-pandemia-covid-19-in-regione-emilia-romagna\/#primaryimage\"},\"thumbnailUrl\":\"https:\/\/repo.epiprev.it\/wp-content\/uploads\/2020\/06\/variazione_percentuale_numero_decessi_emilia_romagna_covid19.jpg\",\"keywords\":[\"COVID-19\",\"eccesso di mortalit\u00e0\",\"Emilia-Romagna\",\"mortalit\u00e0 giornaliera\"],\"articleSection\":[\"COVID-19\"],\"inLanguage\":\"it-IT\",\"potentialAction\":[{\"@type\":\"CommentAction\",\"name\":\"Comment\",\"target\":[\"https:\/\/repo.epiprev.it\/index.php\/2020\/06\/23\/sorveglianza-della-mortalita-durante-la-pandemia-covid-19-in-regione-emilia-romagna\/#respond\"]}]},{\"@type\":\"WebPage\",\"@id\":\"https:\/\/repo.epiprev.it\/index.php\/2020\/06\/23\/sorveglianza-della-mortalita-durante-la-pandemia-covid-19-in-regione-emilia-romagna\/\",\"url\":\"https:\/\/repo.epiprev.it\/index.php\/2020\/06\/23\/sorveglianza-della-mortalita-durante-la-pandemia-covid-19-in-regione-emilia-romagna\/\",\"name\":\"Sorveglianza della mortalit\u00e0 durante la pandemia COVID-19 in regione Emilia-Romagna - E&amp;P Repository\",\"isPartOf\":{\"@id\":\"https:\/\/repo.epiprev.it\/#website\"},\"primaryImageOfPage\":{\"@id\":\"https:\/\/repo.epiprev.it\/index.php\/2020\/06\/23\/sorveglianza-della-mortalita-durante-la-pandemia-covid-19-in-regione-emilia-romagna\/#primaryimage\"},\"image\":{\"@id\":\"https:\/\/repo.epiprev.it\/index.php\/2020\/06\/23\/sorveglianza-della-mortalita-durante-la-pandemia-covid-19-in-regione-emilia-romagna\/#primaryimage\"},\"thumbnailUrl\":\"https:\/\/repo.epiprev.it\/wp-content\/uploads\/2020\/06\/variazione_percentuale_numero_decessi_emilia_romagna_covid19.jpg\",\"datePublished\":\"2020-06-23T07:30:00+00:00\",\"dateModified\":\"2020-06-23T07:41:01+00:00\",\"breadcrumb\":{\"@id\":\"https:\/\/repo.epiprev.it\/index.php\/2020\/06\/23\/sorveglianza-della-mortalita-durante-la-pandemia-covid-19-in-regione-emilia-romagna\/#breadcrumb\"},\"inLanguage\":\"it-IT\",\"potentialAction\":[{\"@type\":\"ReadAction\",\"target\":[\"https:\/\/repo.epiprev.it\/index.php\/2020\/06\/23\/sorveglianza-della-mortalita-durante-la-pandemia-covid-19-in-regione-emilia-romagna\/\"]}]},{\"@type\":\"ImageObject\",\"inLanguage\":\"it-IT\",\"@id\":\"https:\/\/repo.epiprev.it\/index.php\/2020\/06\/23\/sorveglianza-della-mortalita-durante-la-pandemia-covid-19-in-regione-emilia-romagna\/#primaryimage\",\"url\":\"https:\/\/repo.epiprev.it\/wp-content\/uploads\/2020\/06\/variazione_percentuale_numero_decessi_emilia_romagna_covid19.jpg\",\"contentUrl\":\"https:\/\/repo.epiprev.it\/wp-content\/uploads\/2020\/06\/variazione_percentuale_numero_decessi_emilia_romagna_covid19.jpg\",\"width\":1200,\"height\":680,\"caption\":\"Variazione percentuale del numero dei decessi per distretto, regione Emilia-Romagna, 4 marzo-12 maggio 2020\"},{\"@type\":\"BreadcrumbList\",\"@id\":\"https:\/\/repo.epiprev.it\/index.php\/2020\/06\/23\/sorveglianza-della-mortalita-durante-la-pandemia-covid-19-in-regione-emilia-romagna\/#breadcrumb\",\"itemListElement\":[{\"@type\":\"ListItem\",\"position\":1,\"name\":\"Home\",\"item\":\"https:\/\/repo.epiprev.it\/\"},{\"@type\":\"ListItem\",\"position\":2,\"name\":\"Sorveglianza della mortalit\u00e0 durante la pandemia COVID-19 in regione Emilia-Romagna\"}]},{\"@type\":\"WebSite\",\"@id\":\"https:\/\/repo.epiprev.it\/#website\",\"url\":\"https:\/\/repo.epiprev.it\/\",\"name\":\"E&amp;P Repository\",\"description\":\"- RIVISTA DELL&#039;ASSOCIAZIONE ITALIANA DI EPIDEMIOLOGIA\",\"publisher\":{\"@id\":\"https:\/\/repo.epiprev.it\/#organization\"},\"potentialAction\":[{\"@type\":\"SearchAction\",\"target\":{\"@type\":\"EntryPoint\",\"urlTemplate\":\"https:\/\/repo.epiprev.it\/?s={search_term_string}\"},\"query-input\":{\"@type\":\"PropertyValueSpecification\",\"valueRequired\":true,\"valueName\":\"search_term_string\"}}],\"inLanguage\":\"it-IT\"},{\"@type\":\"Organization\",\"@id\":\"https:\/\/repo.epiprev.it\/#organization\",\"name\":\"Rivista Epiprev\",\"url\":\"https:\/\/repo.epiprev.it\/\",\"logo\":{\"@type\":\"ImageObject\",\"inLanguage\":\"it-IT\",\"@id\":\"https:\/\/repo.epiprev.it\/#\/schema\/logo\/image\/\",\"url\":\"\",\"contentUrl\":\"\",\"caption\":\"Rivista Epiprev\"},\"image\":{\"@id\":\"https:\/\/repo.epiprev.it\/#\/schema\/logo\/image\/\"},\"sameAs\":[\"https:\/\/www.facebook.com\/epiprev\/\"]},{\"@type\":\"Person\",\"@id\":\"https:\/\/repo.epiprev.it\/#\/schema\/person\/2a184e8c4e97508ef5111e78c8d0a59c\",\"name\":\"administrator\",\"image\":{\"@type\":\"ImageObject\",\"inLanguage\":\"it-IT\",\"@id\":\"https:\/\/repo.epiprev.it\/#\/schema\/person\/image\/\",\"url\":\"https:\/\/secure.gravatar.com\/avatar\/4ad25646debce6ba00e77ffa65a5e065aa33c5a21571725744bade4c95c9986a?s=96&d=mm&r=g\",\"contentUrl\":\"https:\/\/secure.gravatar.com\/avatar\/4ad25646debce6ba00e77ffa65a5e065aa33c5a21571725744bade4c95c9986a?s=96&d=mm&r=g\",\"caption\":\"administrator\"}}]}<\/script>\n<!-- \/ Yoast SEO plugin. -->","yoast_head_json":{"title":"Sorveglianza della mortalit\u00e0 durante la pandemia COVID-19 in regione Emilia-Romagna - E&amp;P Repository","robots":{"index":"index","follow":"follow","max-snippet":"max-snippet:-1","max-image-preview":"max-image-preview:large","max-video-preview":"max-video-preview:-1"},"canonical":"https:\/\/repo.epiprev.it\/index.php\/2020\/06\/23\/sorveglianza-della-mortalita-durante-la-pandemia-covid-19-in-regione-emilia-romagna\/","og_locale":"it_IT","og_type":"article","og_title":"Sorveglianza della mortalit\u00e0 durante la pandemia COVID-19 in regione Emilia-Romagna - E&amp;P Repository","og_description":"L\u2019obiettivo di questo contributo \u00e8 di monitorare l\u2019andamento e la variabilit\u00e0 territoriale della mortalit\u00e0 nella regione Emilia-Romagna, quantificare l\u2019eccesso di mortalit\u00e0 e il contributo dei decessi nei soggetti con diagnosi di infezione da SARS-CoV-2 all\u2019eccesso nella mortalit\u00e0 generale e valutare i cambiamenti nel tempo, anche in relazione alle misure di salute pubblica implementate e ancor prima di studiare le misure di occorrenza relativa e distinguere i decessi per cause.","og_url":"https:\/\/repo.epiprev.it\/index.php\/2020\/06\/23\/sorveglianza-della-mortalita-durante-la-pandemia-covid-19-in-regione-emilia-romagna\/","og_site_name":"E&amp;P Repository","article_publisher":"https:\/\/www.facebook.com\/epiprev\/","article_published_time":"2020-06-23T07:30:00+00:00","article_modified_time":"2020-06-23T07:41:01+00:00","og_image":[{"width":1200,"height":680,"url":"https:\/\/repo.epiprev.it\/wp-content\/uploads\/2020\/06\/variazione_percentuale_numero_decessi_emilia_romagna_covid19.jpg","type":"image\/jpeg"}],"author":"administrator","twitter_card":"summary_large_image","twitter_misc":{"Scritto da":"administrator","Tempo di lettura stimato":"3 minuti"},"schema":{"@context":"https:\/\/schema.org","@graph":[{"@type":"Article","@id":"https:\/\/repo.epiprev.it\/index.php\/2020\/06\/23\/sorveglianza-della-mortalita-durante-la-pandemia-covid-19-in-regione-emilia-romagna\/#article","isPartOf":{"@id":"https:\/\/repo.epiprev.it\/index.php\/2020\/06\/23\/sorveglianza-della-mortalita-durante-la-pandemia-covid-19-in-regione-emilia-romagna\/"},"author":{"name":"administrator","@id":"https:\/\/repo.epiprev.it\/#\/schema\/person\/2a184e8c4e97508ef5111e78c8d0a59c"},"headline":"Sorveglianza della mortalit\u00e0 durante la pandemia COVID-19 in regione Emilia-Romagna","datePublished":"2020-06-23T07:30:00+00:00","dateModified":"2020-06-23T07:41:01+00:00","mainEntityOfPage":{"@id":"https:\/\/repo.epiprev.it\/index.php\/2020\/06\/23\/sorveglianza-della-mortalita-durante-la-pandemia-covid-19-in-regione-emilia-romagna\/"},"wordCount":636,"commentCount":0,"publisher":{"@id":"https:\/\/repo.epiprev.it\/#organization"},"image":{"@id":"https:\/\/repo.epiprev.it\/index.php\/2020\/06\/23\/sorveglianza-della-mortalita-durante-la-pandemia-covid-19-in-regione-emilia-romagna\/#primaryimage"},"thumbnailUrl":"https:\/\/repo.epiprev.it\/wp-content\/uploads\/2020\/06\/variazione_percentuale_numero_decessi_emilia_romagna_covid19.jpg","keywords":["COVID-19","eccesso di mortalit\u00e0","Emilia-Romagna","mortalit\u00e0 giornaliera"],"articleSection":["COVID-19"],"inLanguage":"it-IT","potentialAction":[{"@type":"CommentAction","name":"Comment","target":["https:\/\/repo.epiprev.it\/index.php\/2020\/06\/23\/sorveglianza-della-mortalita-durante-la-pandemia-covid-19-in-regione-emilia-romagna\/#respond"]}]},{"@type":"WebPage","@id":"https:\/\/repo.epiprev.it\/index.php\/2020\/06\/23\/sorveglianza-della-mortalita-durante-la-pandemia-covid-19-in-regione-emilia-romagna\/","url":"https:\/\/repo.epiprev.it\/index.php\/2020\/06\/23\/sorveglianza-della-mortalita-durante-la-pandemia-covid-19-in-regione-emilia-romagna\/","name":"Sorveglianza della mortalit\u00e0 durante la pandemia COVID-19 in regione Emilia-Romagna - E&amp;P Repository","isPartOf":{"@id":"https:\/\/repo.epiprev.it\/#website"},"primaryImageOfPage":{"@id":"https:\/\/repo.epiprev.it\/index.php\/2020\/06\/23\/sorveglianza-della-mortalita-durante-la-pandemia-covid-19-in-regione-emilia-romagna\/#primaryimage"},"image":{"@id":"https:\/\/repo.epiprev.it\/index.php\/2020\/06\/23\/sorveglianza-della-mortalita-durante-la-pandemia-covid-19-in-regione-emilia-romagna\/#primaryimage"},"thumbnailUrl":"https:\/\/repo.epiprev.it\/wp-content\/uploads\/2020\/06\/variazione_percentuale_numero_decessi_emilia_romagna_covid19.jpg","datePublished":"2020-06-23T07:30:00+00:00","dateModified":"2020-06-23T07:41:01+00:00","breadcrumb":{"@id":"https:\/\/repo.epiprev.it\/index.php\/2020\/06\/23\/sorveglianza-della-mortalita-durante-la-pandemia-covid-19-in-regione-emilia-romagna\/#breadcrumb"},"inLanguage":"it-IT","potentialAction":[{"@type":"ReadAction","target":["https:\/\/repo.epiprev.it\/index.php\/2020\/06\/23\/sorveglianza-della-mortalita-durante-la-pandemia-covid-19-in-regione-emilia-romagna\/"]}]},{"@type":"ImageObject","inLanguage":"it-IT","@id":"https:\/\/repo.epiprev.it\/index.php\/2020\/06\/23\/sorveglianza-della-mortalita-durante-la-pandemia-covid-19-in-regione-emilia-romagna\/#primaryimage","url":"https:\/\/repo.epiprev.it\/wp-content\/uploads\/2020\/06\/variazione_percentuale_numero_decessi_emilia_romagna_covid19.jpg","contentUrl":"https:\/\/repo.epiprev.it\/wp-content\/uploads\/2020\/06\/variazione_percentuale_numero_decessi_emilia_romagna_covid19.jpg","width":1200,"height":680,"caption":"Variazione percentuale del numero dei decessi per distretto, regione Emilia-Romagna, 4 marzo-12 maggio 2020"},{"@type":"BreadcrumbList","@id":"https:\/\/repo.epiprev.it\/index.php\/2020\/06\/23\/sorveglianza-della-mortalita-durante-la-pandemia-covid-19-in-regione-emilia-romagna\/#breadcrumb","itemListElement":[{"@type":"ListItem","position":1,"name":"Home","item":"https:\/\/repo.epiprev.it\/"},{"@type":"ListItem","position":2,"name":"Sorveglianza della mortalit\u00e0 durante la pandemia COVID-19 in regione Emilia-Romagna"}]},{"@type":"WebSite","@id":"https:\/\/repo.epiprev.it\/#website","url":"https:\/\/repo.epiprev.it\/","name":"E&amp;P Repository","description":"- RIVISTA DELL&#039;ASSOCIAZIONE ITALIANA DI EPIDEMIOLOGIA","publisher":{"@id":"https:\/\/repo.epiprev.it\/#organization"},"potentialAction":[{"@type":"SearchAction","target":{"@type":"EntryPoint","urlTemplate":"https:\/\/repo.epiprev.it\/?s={search_term_string}"},"query-input":{"@type":"PropertyValueSpecification","valueRequired":true,"valueName":"search_term_string"}}],"inLanguage":"it-IT"},{"@type":"Organization","@id":"https:\/\/repo.epiprev.it\/#organization","name":"Rivista Epiprev","url":"https:\/\/repo.epiprev.it\/","logo":{"@type":"ImageObject","inLanguage":"it-IT","@id":"https:\/\/repo.epiprev.it\/#\/schema\/logo\/image\/","url":"","contentUrl":"","caption":"Rivista Epiprev"},"image":{"@id":"https:\/\/repo.epiprev.it\/#\/schema\/logo\/image\/"},"sameAs":["https:\/\/www.facebook.com\/epiprev\/"]},{"@type":"Person","@id":"https:\/\/repo.epiprev.it\/#\/schema\/person\/2a184e8c4e97508ef5111e78c8d0a59c","name":"administrator","image":{"@type":"ImageObject","inLanguage":"it-IT","@id":"https:\/\/repo.epiprev.it\/#\/schema\/person\/image\/","url":"https:\/\/secure.gravatar.com\/avatar\/4ad25646debce6ba00e77ffa65a5e065aa33c5a21571725744bade4c95c9986a?s=96&d=mm&r=g","contentUrl":"https:\/\/secure.gravatar.com\/avatar\/4ad25646debce6ba00e77ffa65a5e065aa33c5a21571725744bade4c95c9986a?s=96&d=mm&r=g","caption":"administrator"}}]}},"_links":{"self":[{"href":"https:\/\/repo.epiprev.it\/index.php\/wp-json\/wp\/v2\/posts\/1878","targetHints":{"allow":["GET"]}}],"collection":[{"href":"https:\/\/repo.epiprev.it\/index.php\/wp-json\/wp\/v2\/posts"}],"about":[{"href":"https:\/\/repo.epiprev.it\/index.php\/wp-json\/wp\/v2\/types\/post"}],"author":[{"embeddable":true,"href":"https:\/\/repo.epiprev.it\/index.php\/wp-json\/wp\/v2\/users\/1"}],"replies":[{"embeddable":true,"href":"https:\/\/repo.epiprev.it\/index.php\/wp-json\/wp\/v2\/comments?post=1878"}],"version-history":[{"count":1,"href":"https:\/\/repo.epiprev.it\/index.php\/wp-json\/wp\/v2\/posts\/1878\/revisions"}],"predecessor-version":[{"id":1879,"href":"https:\/\/repo.epiprev.it\/index.php\/wp-json\/wp\/v2\/posts\/1878\/revisions\/1879"}],"wp:featuredmedia":[{"embeddable":true,"href":"https:\/\/repo.epiprev.it\/index.php\/wp-json\/wp\/v2\/media\/1877"}],"wp:attachment":[{"href":"https:\/\/repo.epiprev.it\/index.php\/wp-json\/wp\/v2\/media?parent=1878"}],"wp:term":[{"taxonomy":"category","embeddable":true,"href":"https:\/\/repo.epiprev.it\/index.php\/wp-json\/wp\/v2\/categories?post=1878"},{"taxonomy":"post_tag","embeddable":true,"href":"https:\/\/repo.epiprev.it\/index.php\/wp-json\/wp\/v2\/tags?post=1878"}],"curies":[{"name":"wp","href":"https:\/\/api.w.org\/{rel}","templated":true}]}}