{"id":2323,"date":"2021-03-31T08:51:36","date_gmt":"2021-03-31T08:51:36","guid":{"rendered":"https:\/\/repo.epiprev.it\/?p=2323"},"modified":"2021-05-22T19:42:37","modified_gmt":"2021-05-22T19:42:37","slug":"andamento-della-mortalita-giornaliera-sismg-nelle-citta-italiane-in-relazione-allepidemia-di-covid-19-report-1-settembre-16-marzo-2021","status":"publish","type":"post","link":"https:\/\/repo.epiprev.it\/index.php\/2021\/03\/31\/andamento-della-mortalita-giornaliera-sismg-nelle-citta-italiane-in-relazione-allepidemia-di-covid-19-report-1-settembre-16-marzo-2021\/","title":{"rendered":"Andamento della mortalit\u00e0 giornaliera (SiSMG) nelle citt\u00e0 italiane in relazione all&#8217;epidemia di Covid-19. Report 1&#8242; Settembre &#8211; 16 marzo 2021"},"content":{"rendered":"\n<p class=\"has-small-font-size\"><strong>Publication date:<\/strong> 31\/03\/2021 &#8211;  <strong>E&amp;P Code:<\/strong>  <a aria-label=\" (opens in a new tab)\" rel=\"noreferrer noopener\" href=\"https:\/\/repo.epiprev.it\/2323\" target=\"_blank\">repo.epiprev.it\/2323<\/a>   <br><strong>Authors:<\/strong> (a cura di) Marina Davoli,<sup>1<\/sup> Francesca de\u2019 Donato,<sup>1<\/sup> Manuela De Sario,<sup>1<\/sup> Paola Michelozzi,<sup>1<\/sup> Fiammetta Noccioli,<sup>1<\/sup> Daniela Orr\u00f9,<sup>1<\/sup> Pasqualino Rossi,<sup>2<\/sup> Matteo Scortichini<sup>1<\/sup><\/p>\n\n\n\n<p class=\"has-small-font-size\"><strong>Sintesi dei risultati<\/strong>. <strong>Il rapporto del sistema di sorveglianza SISMG aggiornato alla settimana<\/strong> <strong>10-16 marzo<\/strong> continua a mostrare una mortalit\u00e0 in linea con l\u2019atteso. &nbsp;Considerando i dati nazionali (<a href=\"https:\/\/opendatadpc.maps.arcgis.com\/apps\/opsdashboard\/index.html#\/b0c68bce2cce478eaac82fe38d4138b1\">fonte DPC<\/a>) di nuovi casi e decessi Covid-19 si rileva che l\u2019incremento dei casi osservato a partire da met\u00e0 febbraio non ha determinato un incremento della mortalit\u00e0 generale come invece si era registrato nella precedente ondata, analogamente si osserva che il numero di decessi Covid-19 da met\u00e0 febbraio ad oggi rimane pressoch\u00e9 costante. La campagna vaccinale rivolta alla popolazione a maggior rischio di decesso e l\u2019elevata mortalit\u00e0 osservata nel nostro paese nelle fasi epidemiche precedenti, potrebbero aver limitato l\u2019impatto sulla mortalit\u00e0 di questa nuova ondata epidemica. I dati di mortalit\u00e0 SISMG sono inoltre in grado di fornire prime indicazioni sull\u2019efficacia della campagna vaccinale nella popolazione ultraottantenne, monitorando l\u2019andamento di esiti gravi in questa fascia di et\u00e0.<br><strong>La mortalit\u00e0 media giornaliera per settimana e classi di et\u00e0<\/strong> (<em>Figure 1A-B e 2A-B<\/em>) evidenzia per la settimana 10 \u2013 16 marzo valori in linea con l\u2019atteso sia al nord che al centro-sud e per tutte le classi di et\u00e0 ad eccezione della classe 65-74 anni dove si osserva un incremento nei decessi settimanali rispetto alla settimana precedente sia al nord che al centro-sud. Al nord i valori rimangono in linea con l\u2019atteso nelle classi pi\u00f9 anziane (75-84, 85+ anni) e diminuiscono ulteriormente nella classe pi\u00f9 giovane (0-64 anni) con valori inferiori all\u2019atteso. Al centro-sud si osserva una riduzione della mortalit\u00e0 in tutte le classi di et\u00e0 rispetto alla settimana precedente ad eccezione della classe di et\u00e0 65-74 anni.<br><strong>L\u2019andamento stagionale della mortalit\u00e0<\/strong> (<em>Figura 3<\/em>) continua a &nbsp;mostrare &nbsp;valori in linea con l\u2019atteso e nelle ultime settimane la curva si attesta su valori lievemente superiori al baseline (linea nera). Il grafico evidenzia l\u2019anomalia della mortalit\u00e0 osservata nel 2020 rispetto alle variazioni stagionali (valori massimi nel periodo dicembre-febbraio e valori minimi nel periodo giugno-agosto), osservato nei 5 anni precedenti. Nel 2020 si sono verificati due picchi di mortalit\u00e0 (linea rossa) in corrispondenza della prima (marzo-aprile) e della seconda ondata (ottobre-dicembre) dell\u2019epidemia Covid-19. Il forte incremento della mortalit\u00e0 osservata nella prima fase dell\u2019epidemia di COVID-19, \u00e8 stato seguito da una riduzione che ha riportato la mortalit\u00e0 in linea con i valori di riferimento (linea nera) a fine maggio. Il secondo incremento della mortalit\u00e0 che ha raggiunto il picco nella seconda met\u00e0 del mese di novembre per poi tornare ai valori di riferimento a partire da met\u00e0 gennaio 2021. Dal mese di febbraio la mortalit\u00e0 si attesta intorno al valore di riferimento del periodo.<br><strong>I dati della mortalit\u00e0 relativi al periodo 1-15 Marzo<\/strong> (<em>Tabella 1<\/em>) evidenziano una mortalit\u00e0 in linea al nord (+1%) o lievemente superiore all\u2019atteso al centro-sud (+5%). Le <em>figure 4 A e B e la tabella 1<\/em> mostrano per il periodo 1-<em>15 marzo<\/em> un eccesso statisticamente significativo a Torino (+22%), Brescia (+54%), Bologna (+29%), Ancona (+90%), Pescara (+31%), Campobasso (+87%), Napoli (+19%), &nbsp;Bari (+84%) e Potenza (+36%) mentre a Milano, Padova e Cagliari la mortalit\u00e0 risulta significativamente inferiore all\u2019atteso (<em>Tabella 1<\/em>). Si segnala un ritardo nell\u2019invio dei dati a Trieste e Taranto e pertanto una sotto notifica dei dati per il periodo in studio.<br><strong>L\u2019andamento della mortalit\u00e0 giornaliera e settimanale nelle 33 citt\u00e0<\/strong> (Figura 5) &nbsp;e la tabella dei dati settimanali di mortalit\u00e0 totale e per classi di et\u00e0 confermano che in gran parte delle citt\u00e0 i valori rimangono in linea con l\u2019atteso o all\u2019interno della banda di confidenza. E\u2019 da rilevare un incremento della mortalit\u00e0 nell\u2019ultima settimana a Bolzano, Aosta, Torino, Bologna, Perugia, Ancona, Frosinone e Bari.<br><strong>Il trend di variazione dell\u2019eccesso di mortalit\u00e0 settimanale per classi di et\u00e0<\/strong> a Torino, Milano, Genova, Roma, Napoli e Palermo \u00e8 riportato in <em>Figura 6. <\/em>&nbsp;Nell\u2019ultima settimana si osserva una mortalit\u00e0 in linea o inferiore all\u2019atteso in tutte le classi di et\u00e0 ad eccezione della classe 65-74 anni dove si rileva un\u2019 eccesso di mortalit\u00e0 in incremento rispetto alla settimana precedente a Milano, Genova e Palermo. A Torino si osserva un lieve incremento dell\u2019eccesso di mortalit\u00e0 in tutte le classi di et\u00e0, mentre a Napoli i valori settimanali rimangono lievemente superiori all\u2019atteso. A Roma i valori rimangono stabili rispetto alla settimana precedente, con valori inferiori all\u2019atteso in tutte le classi di et\u00e0 ad eccezione della classe 65-74 anni.<\/p>\n\n\n\n<!--more-->\n\n\n\n<p class=\"has-small-font-size\"><strong>Cite as<\/strong>: Marina Davoli, Francesca de\u2019 Donato, Manuela De Sario, et. altri (2021). Andamento della mortalit\u00e0 giornaliera (SiSMG) nelle citt\u00e0 italiane in relazione all&#8217;epidemia di Covid-19. Report 1&#8242; Settembre &#8211; 16 marzo 2021. E&P Repository <a href='https:\/\/repo.epiprev.it\/2323'>https:\/\/repo.epiprev.it\/2323<\/a><button title=\"Copia citazione\" id=\"copyTextCite\"><span class=\"far fa-copy\"><\/span><\/button><\/p>\n\n\n\n<p class=\"has-small-font-size\"><strong>Topic<\/strong>: <a href='\/index.php\/category\/COVID-19'>COVID-19<\/a><\/p>\n\n\n\n<p class=\"has-small-font-size\"><strong>Key words<\/strong>: <a href=\"https:\/\/repo.epiprev.it\/index.php\/tag\/citta\/\" rel=\"tag\">citt\u00e0<\/a>, <a href=\"https:\/\/repo.epiprev.it\/index.php\/tag\/covid-19\/\" rel=\"tag\">COVID-19<\/a>, <a href=\"https:\/\/repo.epiprev.it\/index.php\/tag\/mortalita-giornaliera\/\" rel=\"tag\">mortalit\u00e0 giornaliera<\/a>, <\/p>\n\n\n\n<p class=\"has-small-font-size\"><strong>AVVERTENZA. GLI ARTICOLI PRESENTI NEL REPOSITORY NON SONO SOTTOPOSTI A PEER REVIEW.<\/strong><\/p>\n\n\n\n<div class='w3eden'><!-- WPDM Link Template: Default Template -->\n\n\n<div class=\"link-template-default card mb-2\">\n    <div class=\"card-body\">\n        <div class=\"media stack-xs\">\n            <div class=\"media-body\">\n                <div class=\"media\">\n                    <div class=\"mr-3 img-48\"><img decoding=\"async\" class=\"wpdm_icon\" alt=\"Icona\" src=\"https:\/\/repo.epiprev.it\/wp-content\/plugins\/download-manager\/assets\/file-type-icons\/pdf.svg\" onError='this.src=\"https:\/\/repo.epiprev.it\/wp-content\/plugins\/download-manager\/assets\/file-type-icons\/unknown.svg\";' \/><\/div>\n                    <div class=\"media-body\">\n                        <h3 class=\"package-title\"><a href='https:\/\/repo.epiprev.it\/index.php\/download\/andamento-della-mortalita-giornaliera-sismg-nelle-citta-italiane-in-relazione-allepidemia-di-covid-19-report-1-settembre-16-marzo-2021\/'>Andamento della mortalit\u00e0 giornaliera (SiSMG) nelle citt\u00e0 italiane in relazione all\u2019epidemia di Covid-19. Report 1' Settembre - 16 marzo 2021<\/a><\/h3>\n                        <div class=\"text-muted text-small\"><i class=\"fas fa-file-download\"><\/i> 52 Download <i class=\"fas fa-hdd ml-3\"><\/i> 3.92 MB<\/div>\n                    <\/div>\n                <\/div>\n            <\/div>\n            <div class=\"ml-3 wpdmdl-btn\">\n                <a class='wpdm-download-link btn btn-primary ' rel='nofollow' href='#' onclick=\"location.href='https:\/\/repo.epiprev.it\/index.php\/download\/andamento-della-mortalita-giornaliera-sismg-nelle-citta-italiane-in-relazione-allepidemia-di-covid-19-report-1-settembre-16-marzo-2021\/?wpdmdl=2325&refresh=69ee7ab1311261777236657';return false;\">Scarica<\/a>\n            <\/div>\n        <\/div>\n\t\t\n    <\/div>\n<\/div>\n\n\n<\/div>\n\n\n\n<h4 class=\"wp-block-heading\">Info<\/h4>\n\n\n\n<p class=\"has-small-font-size\"><strong>Affiliations<\/strong>: <br><sup>1 <\/sup>Dipartimento di Epidemiologia SSR Regione Lazio<br><sup>2<\/sup> Ministero della Salute<\/p>\n\n\n\n<p class=\"has-small-font-size\"><strong>Authors&#8217; contributions: <\/strong>&#8211;<\/p>\n\n\n\n<p class=\"has-small-font-size\"><strong>Competing interests: <\/strong>&#8211;<\/p>\n\n\n\n<p class=\"has-small-font-size\"><strong>Funding disclosure:<\/strong> &#8211;<\/p>\n\n\n\n<p class=\"has-small-font-size\"><strong>Ethics committee approval: <\/strong>The study was based on publicly available aggregate data. No Ethics committee approval was necessary. <\/p>\n\n\n\n<p class=\"has-small-font-size\"><strong>Copyright<\/strong>:  Il detentore del copyright \u00e8 l\u2019autore\/finanziatore, che ha concesso a \u201cE&amp;P Repository\u201d una licenza per rendere pubblico questo preprint. The copyright holder for this preprint is the author\/funder, who has granted E&amp;P Repository a license to display the preprint in perpetuity.<\/p>\n\n\n\n<p class=\"has-small-font-size\"><strong>Terms of distribution<\/strong>: <a rel=\"noreferrer noopener\" href=\"https:\/\/creativecommons.org\/licenses\/by\/4.0\/deed.it\" target=\"_blank\">CC BY<\/a> <\/p>\n\n\n\n<hr \/><img src='https:\/\/repo.epiprev.it\/wp-content\/uploads\/2021\/03\/Figura-3-Andamento-stagionale-della-mortalit\u00e0-totale-per-settimana-nelle-citt\u00e0-italiane.jpg' alt=\"Figura 3-Andamento stagionale della mortalit\u00e0 totale per settimana nelle citt\u00e0 italiane\" class='attachment-post-thumbnail size-post-thumbnail wp-post-image' \/><p class='has-small-font-size'>Figura 3. Andamento stagionale della mortalit\u00e0 totale per settimana nelle citt\u00e0 italiane. Periodo gennaio 2016 \u2013 2 marzo 2021.<\/p><hr \/>\n\n\n\n<div style=\"height:20px\" aria-hidden=\"true\" class=\"wp-block-spacer\"><\/div>\n\n\n\n<p class=\"has-background has-small-font-size has-light-gray-background-color\"><strong>References &amp; Citations<\/strong><br><a rel=\"noreferrer noopener\" aria-label=\" (opens in a new tab)\" href=\"https:\/\/scholar.google.com\/scholar?q=Andamento della mortalit\u00e0 giornaliera (SiSMG) nelle citt\u00e0 italiane in relazione all&#8217;epidemia di Covid-19. Report 1&#8242; Settembre &#8211; 16 marzo 2021\" target=\"_blank\">Google Scholar<\/a><\/p>\n\n\n\n<p><a href=\"http:\/\/www.facebook.com\/sharer.php?u=https:\/\/www.repo.epiprev.it\/2323\" target=\"_blank\" rel=\"noopener noreferrer\" title=\"Condividi su Facebook\"><img decoding=\"async\" src=\"\/wp-content\/uploads\/2020\/04\/icon_facebook.png\"><\/a><a href=\"https:\/\/twitter.com\/intent\/tweet?url=https:\/\/www.repo.epiprev.it\/2323\" target=\"_blank\" rel=\"noopener noreferrer\" title=\"Condividi su Twitter\"><img decoding=\"async\" src=\"\/wp-content\/uploads\/2020\/04\/icon_twitter.png\"><\/a><a class=\"icon_whatsapp\" href=\"https:\/\/api.whatsapp.com\/send?text=https%3A%2F%2Frepo.epiprev.it\/2323&amp;attribution=AMPhtml&amp;url=https%3A%2F%2Frepo.epiprev.it\/2323\" target=\"_blank\" rel=\"noopener noreferrer\" title=\"Invia con WhatsApp\"><img decoding=\"async\" src=\"\/wp-content\/uploads\/2020\/04\/icon_whatsapp.png\"><\/a><\/p>\n","protected":false},"excerpt":{"rendered":"<p>Il rapporto del sistema di sorveglianza SISMG aggiornato alla settimana 10-16 marzo continua a mostrare una mortalit\u00e0 in linea con l&#8217;atteso. Considerando i dati nazionali (fonte DPC) di nuovi casi e decessi Covid-19 si rileva che l&#8217;incremento dei casi osservato a partire da met\u00e0 febbraio non ha determinato un incremento della mortalit\u00e0 generale come invece si era registrato nella precedente ondata.<\/p>\n","protected":false},"author":1,"featured_media":2309,"comment_status":"open","ping_status":"open","sticky":false,"template":"","format":"standard","meta":{"footnotes":""},"categories":[13],"tags":[31,16,32],"class_list":["post-2323","post","type-post","status-publish","format-standard","has-post-thumbnail","hentry","category-covid-19","tag-citta","tag-covid-19","tag-mortalita-giornaliera"],"yoast_head":"<!-- This site is optimized with the Yoast SEO plugin v27.0 - https:\/\/yoast.com\/product\/yoast-seo-wordpress\/ -->\n<title>Andamento della mortalit\u00e0 giornaliera (SiSMG) nelle citt\u00e0 italiane in relazione all&#039;epidemia di Covid-19. Report 1&#039; Settembre - 16 marzo 2021 - E&amp;P Repository<\/title>\n<meta name=\"description\" content=\"Il rapporto del sistema di sorveglianza SISMG aggiornato alla settimana 10-16 marzo continua a mostrare una mortalit\u00e0 in linea con l\u2019atteso. Considerando i dati nazionali (fonte DPC) di nuovi casi e decessi Covid-19 si rileva che l\u2019incremento dei casi osservato a partire da met\u00e0 febbraio non ha determinato un incremento della mortalit\u00e0 generale come invece si era registrato nella precedente ondata\" \/>\n<meta name=\"robots\" content=\"index, follow, max-snippet:-1, max-image-preview:large, max-video-preview:-1\" \/>\n<link rel=\"canonical\" href=\"https:\/\/repo.epiprev.it\/index.php\/2021\/03\/31\/andamento-della-mortalita-giornaliera-sismg-nelle-citta-italiane-in-relazione-allepidemia-di-covid-19-report-1-settembre-16-marzo-2021\/\" \/>\n<meta property=\"og:locale\" content=\"it_IT\" \/>\n<meta property=\"og:type\" content=\"article\" \/>\n<meta property=\"og:title\" content=\"Andamento della mortalit\u00e0 giornaliera (SiSMG) nelle citt\u00e0 italiane in relazione all&#039;epidemia di Covid-19. Report 1&#039; Settembre - 16 marzo 2021 - E&amp;P Repository\" \/>\n<meta property=\"og:description\" content=\"Il rapporto del sistema di sorveglianza SISMG aggiornato alla settimana 10-16 marzo continua a mostrare una mortalit\u00e0 in linea con l\u2019atteso. Considerando i dati nazionali (fonte DPC) di nuovi casi e decessi Covid-19 si rileva che l\u2019incremento dei casi osservato a partire da met\u00e0 febbraio non ha determinato un incremento della mortalit\u00e0 generale come invece si era registrato nella precedente ondata\" \/>\n<meta property=\"og:url\" content=\"https:\/\/repo.epiprev.it\/index.php\/2021\/03\/31\/andamento-della-mortalita-giornaliera-sismg-nelle-citta-italiane-in-relazione-allepidemia-di-covid-19-report-1-settembre-16-marzo-2021\/\" \/>\n<meta property=\"og:site_name\" content=\"E&amp;P Repository\" \/>\n<meta property=\"article:publisher\" content=\"https:\/\/www.facebook.com\/epiprev\/\" \/>\n<meta property=\"article:published_time\" content=\"2021-03-31T08:51:36+00:00\" \/>\n<meta property=\"article:modified_time\" content=\"2021-05-22T19:42:37+00:00\" \/>\n<meta property=\"og:image\" content=\"https:\/\/repo.epiprev.it\/wp-content\/uploads\/2021\/03\/Figura-3-Andamento-stagionale-della-mortalit\u00e0-totale-per-settimana-nelle-citt\u00e0-italiane.jpg\" \/>\n\t<meta property=\"og:image:width\" content=\"1112\" \/>\n\t<meta property=\"og:image:height\" content=\"567\" \/>\n\t<meta property=\"og:image:type\" content=\"image\/jpeg\" \/>\n<meta name=\"author\" content=\"administrator\" \/>\n<meta name=\"twitter:card\" content=\"summary_large_image\" \/>\n<meta name=\"twitter:label1\" content=\"Scritto da\" \/>\n\t<meta name=\"twitter:data1\" content=\"administrator\" \/>\n\t<meta name=\"twitter:label2\" content=\"Tempo di lettura stimato\" \/>\n\t<meta name=\"twitter:data2\" content=\"4 minuti\" \/>\n<script type=\"application\/ld+json\" class=\"yoast-schema-graph\">{\"@context\":\"https:\/\/schema.org\",\"@graph\":[{\"@type\":\"Article\",\"@id\":\"https:\/\/repo.epiprev.it\/index.php\/2021\/03\/31\/andamento-della-mortalita-giornaliera-sismg-nelle-citta-italiane-in-relazione-allepidemia-di-covid-19-report-1-settembre-16-marzo-2021\/#article\",\"isPartOf\":{\"@id\":\"https:\/\/repo.epiprev.it\/index.php\/2021\/03\/31\/andamento-della-mortalita-giornaliera-sismg-nelle-citta-italiane-in-relazione-allepidemia-di-covid-19-report-1-settembre-16-marzo-2021\/\"},\"author\":{\"name\":\"administrator\",\"@id\":\"https:\/\/repo.epiprev.it\/#\/schema\/person\/2a184e8c4e97508ef5111e78c8d0a59c\"},\"headline\":\"Andamento della mortalit\u00e0 giornaliera (SiSMG) nelle citt\u00e0 italiane in relazione all&#8217;epidemia di Covid-19. Report 1&#8242; Settembre &#8211; 16 marzo 2021\",\"datePublished\":\"2021-03-31T08:51:36+00:00\",\"dateModified\":\"2021-05-22T19:42:37+00:00\",\"mainEntityOfPage\":{\"@id\":\"https:\/\/repo.epiprev.it\/index.php\/2021\/03\/31\/andamento-della-mortalita-giornaliera-sismg-nelle-citta-italiane-in-relazione-allepidemia-di-covid-19-report-1-settembre-16-marzo-2021\/\"},\"wordCount\":900,\"commentCount\":0,\"publisher\":{\"@id\":\"https:\/\/repo.epiprev.it\/#organization\"},\"image\":{\"@id\":\"https:\/\/repo.epiprev.it\/index.php\/2021\/03\/31\/andamento-della-mortalita-giornaliera-sismg-nelle-citta-italiane-in-relazione-allepidemia-di-covid-19-report-1-settembre-16-marzo-2021\/#primaryimage\"},\"thumbnailUrl\":\"https:\/\/repo.epiprev.it\/wp-content\/uploads\/2021\/03\/Figura-3-Andamento-stagionale-della-mortalit\u00e0-totale-per-settimana-nelle-citt\u00e0-italiane.jpg\",\"keywords\":[\"citt\u00e0\",\"COVID-19\",\"mortalit\u00e0 giornaliera\"],\"articleSection\":[\"COVID-19\"],\"inLanguage\":\"it-IT\",\"potentialAction\":[{\"@type\":\"CommentAction\",\"name\":\"Comment\",\"target\":[\"https:\/\/repo.epiprev.it\/index.php\/2021\/03\/31\/andamento-della-mortalita-giornaliera-sismg-nelle-citta-italiane-in-relazione-allepidemia-di-covid-19-report-1-settembre-16-marzo-2021\/#respond\"]}]},{\"@type\":\"WebPage\",\"@id\":\"https:\/\/repo.epiprev.it\/index.php\/2021\/03\/31\/andamento-della-mortalita-giornaliera-sismg-nelle-citta-italiane-in-relazione-allepidemia-di-covid-19-report-1-settembre-16-marzo-2021\/\",\"url\":\"https:\/\/repo.epiprev.it\/index.php\/2021\/03\/31\/andamento-della-mortalita-giornaliera-sismg-nelle-citta-italiane-in-relazione-allepidemia-di-covid-19-report-1-settembre-16-marzo-2021\/\",\"name\":\"Andamento della mortalit\u00e0 giornaliera (SiSMG) nelle citt\u00e0 italiane in relazione all'epidemia di Covid-19. Report 1' Settembre - 16 marzo 2021 - E&amp;P Repository\",\"isPartOf\":{\"@id\":\"https:\/\/repo.epiprev.it\/#website\"},\"primaryImageOfPage\":{\"@id\":\"https:\/\/repo.epiprev.it\/index.php\/2021\/03\/31\/andamento-della-mortalita-giornaliera-sismg-nelle-citta-italiane-in-relazione-allepidemia-di-covid-19-report-1-settembre-16-marzo-2021\/#primaryimage\"},\"image\":{\"@id\":\"https:\/\/repo.epiprev.it\/index.php\/2021\/03\/31\/andamento-della-mortalita-giornaliera-sismg-nelle-citta-italiane-in-relazione-allepidemia-di-covid-19-report-1-settembre-16-marzo-2021\/#primaryimage\"},\"thumbnailUrl\":\"https:\/\/repo.epiprev.it\/wp-content\/uploads\/2021\/03\/Figura-3-Andamento-stagionale-della-mortalit\u00e0-totale-per-settimana-nelle-citt\u00e0-italiane.jpg\",\"datePublished\":\"2021-03-31T08:51:36+00:00\",\"dateModified\":\"2021-05-22T19:42:37+00:00\",\"description\":\"Il rapporto del sistema di sorveglianza SISMG aggiornato alla settimana 10-16 marzo continua a mostrare una mortalit\u00e0 in linea con l\u2019atteso. Considerando i dati nazionali (fonte DPC) di nuovi casi e decessi Covid-19 si rileva che l\u2019incremento dei casi osservato a partire da met\u00e0 febbraio non ha determinato un incremento della mortalit\u00e0 generale come invece si era registrato nella precedente ondata\",\"breadcrumb\":{\"@id\":\"https:\/\/repo.epiprev.it\/index.php\/2021\/03\/31\/andamento-della-mortalita-giornaliera-sismg-nelle-citta-italiane-in-relazione-allepidemia-di-covid-19-report-1-settembre-16-marzo-2021\/#breadcrumb\"},\"inLanguage\":\"it-IT\",\"potentialAction\":[{\"@type\":\"ReadAction\",\"target\":[\"https:\/\/repo.epiprev.it\/index.php\/2021\/03\/31\/andamento-della-mortalita-giornaliera-sismg-nelle-citta-italiane-in-relazione-allepidemia-di-covid-19-report-1-settembre-16-marzo-2021\/\"]}]},{\"@type\":\"ImageObject\",\"inLanguage\":\"it-IT\",\"@id\":\"https:\/\/repo.epiprev.it\/index.php\/2021\/03\/31\/andamento-della-mortalita-giornaliera-sismg-nelle-citta-italiane-in-relazione-allepidemia-di-covid-19-report-1-settembre-16-marzo-2021\/#primaryimage\",\"url\":\"https:\/\/repo.epiprev.it\/wp-content\/uploads\/2021\/03\/Figura-3-Andamento-stagionale-della-mortalit\u00e0-totale-per-settimana-nelle-citt\u00e0-italiane.jpg\",\"contentUrl\":\"https:\/\/repo.epiprev.it\/wp-content\/uploads\/2021\/03\/Figura-3-Andamento-stagionale-della-mortalit\u00e0-totale-per-settimana-nelle-citt\u00e0-italiane.jpg\",\"width\":1112,\"height\":567,\"caption\":\"Figura 3. Andamento stagionale della mortalit\u00e0 totale per settimana nelle citt\u00e0 italiane. Periodo gennaio 2016 \u2013 2 marzo 2021.\"},{\"@type\":\"BreadcrumbList\",\"@id\":\"https:\/\/repo.epiprev.it\/index.php\/2021\/03\/31\/andamento-della-mortalita-giornaliera-sismg-nelle-citta-italiane-in-relazione-allepidemia-di-covid-19-report-1-settembre-16-marzo-2021\/#breadcrumb\",\"itemListElement\":[{\"@type\":\"ListItem\",\"position\":1,\"name\":\"Home\",\"item\":\"https:\/\/repo.epiprev.it\/\"},{\"@type\":\"ListItem\",\"position\":2,\"name\":\"Andamento della mortalit\u00e0 giornaliera (SiSMG) nelle citt\u00e0 italiane in relazione all&#8217;epidemia di Covid-19. Report 1&#8242; Settembre &#8211; 16 marzo 2021\"}]},{\"@type\":\"WebSite\",\"@id\":\"https:\/\/repo.epiprev.it\/#website\",\"url\":\"https:\/\/repo.epiprev.it\/\",\"name\":\"E&amp;P Repository\",\"description\":\"- RIVISTA DELL&#039;ASSOCIAZIONE ITALIANA DI EPIDEMIOLOGIA\",\"publisher\":{\"@id\":\"https:\/\/repo.epiprev.it\/#organization\"},\"potentialAction\":[{\"@type\":\"SearchAction\",\"target\":{\"@type\":\"EntryPoint\",\"urlTemplate\":\"https:\/\/repo.epiprev.it\/?s={search_term_string}\"},\"query-input\":{\"@type\":\"PropertyValueSpecification\",\"valueRequired\":true,\"valueName\":\"search_term_string\"}}],\"inLanguage\":\"it-IT\"},{\"@type\":\"Organization\",\"@id\":\"https:\/\/repo.epiprev.it\/#organization\",\"name\":\"Rivista Epiprev\",\"url\":\"https:\/\/repo.epiprev.it\/\",\"logo\":{\"@type\":\"ImageObject\",\"inLanguage\":\"it-IT\",\"@id\":\"https:\/\/repo.epiprev.it\/#\/schema\/logo\/image\/\",\"url\":\"\",\"contentUrl\":\"\",\"caption\":\"Rivista Epiprev\"},\"image\":{\"@id\":\"https:\/\/repo.epiprev.it\/#\/schema\/logo\/image\/\"},\"sameAs\":[\"https:\/\/www.facebook.com\/epiprev\/\"]},{\"@type\":\"Person\",\"@id\":\"https:\/\/repo.epiprev.it\/#\/schema\/person\/2a184e8c4e97508ef5111e78c8d0a59c\",\"name\":\"administrator\",\"image\":{\"@type\":\"ImageObject\",\"inLanguage\":\"it-IT\",\"@id\":\"https:\/\/repo.epiprev.it\/#\/schema\/person\/image\/\",\"url\":\"https:\/\/secure.gravatar.com\/avatar\/4ad25646debce6ba00e77ffa65a5e065aa33c5a21571725744bade4c95c9986a?s=96&d=mm&r=g\",\"contentUrl\":\"https:\/\/secure.gravatar.com\/avatar\/4ad25646debce6ba00e77ffa65a5e065aa33c5a21571725744bade4c95c9986a?s=96&d=mm&r=g\",\"caption\":\"administrator\"}}]}<\/script>\n<!-- \/ Yoast SEO plugin. -->","yoast_head_json":{"title":"Andamento della mortalit\u00e0 giornaliera (SiSMG) nelle citt\u00e0 italiane in relazione all'epidemia di Covid-19. Report 1' Settembre - 16 marzo 2021 - E&amp;P Repository","description":"Il rapporto del sistema di sorveglianza SISMG aggiornato alla settimana 10-16 marzo continua a mostrare una mortalit\u00e0 in linea con l\u2019atteso. Considerando i dati nazionali (fonte DPC) di nuovi casi e decessi Covid-19 si rileva che l\u2019incremento dei casi osservato a partire da met\u00e0 febbraio non ha determinato un incremento della mortalit\u00e0 generale come invece si era registrato nella precedente ondata","robots":{"index":"index","follow":"follow","max-snippet":"max-snippet:-1","max-image-preview":"max-image-preview:large","max-video-preview":"max-video-preview:-1"},"canonical":"https:\/\/repo.epiprev.it\/index.php\/2021\/03\/31\/andamento-della-mortalita-giornaliera-sismg-nelle-citta-italiane-in-relazione-allepidemia-di-covid-19-report-1-settembre-16-marzo-2021\/","og_locale":"it_IT","og_type":"article","og_title":"Andamento della mortalit\u00e0 giornaliera (SiSMG) nelle citt\u00e0 italiane in relazione all'epidemia di Covid-19. Report 1' Settembre - 16 marzo 2021 - E&amp;P Repository","og_description":"Il rapporto del sistema di sorveglianza SISMG aggiornato alla settimana 10-16 marzo continua a mostrare una mortalit\u00e0 in linea con l\u2019atteso. Considerando i dati nazionali (fonte DPC) di nuovi casi e decessi Covid-19 si rileva che l\u2019incremento dei casi osservato a partire da met\u00e0 febbraio non ha determinato un incremento della mortalit\u00e0 generale come invece si era registrato nella precedente ondata","og_url":"https:\/\/repo.epiprev.it\/index.php\/2021\/03\/31\/andamento-della-mortalita-giornaliera-sismg-nelle-citta-italiane-in-relazione-allepidemia-di-covid-19-report-1-settembre-16-marzo-2021\/","og_site_name":"E&amp;P Repository","article_publisher":"https:\/\/www.facebook.com\/epiprev\/","article_published_time":"2021-03-31T08:51:36+00:00","article_modified_time":"2021-05-22T19:42:37+00:00","og_image":[{"width":1112,"height":567,"url":"https:\/\/repo.epiprev.it\/wp-content\/uploads\/2021\/03\/Figura-3-Andamento-stagionale-della-mortalit\u00e0-totale-per-settimana-nelle-citt\u00e0-italiane.jpg","type":"image\/jpeg"}],"author":"administrator","twitter_card":"summary_large_image","twitter_misc":{"Scritto da":"administrator","Tempo di lettura stimato":"4 minuti"},"schema":{"@context":"https:\/\/schema.org","@graph":[{"@type":"Article","@id":"https:\/\/repo.epiprev.it\/index.php\/2021\/03\/31\/andamento-della-mortalita-giornaliera-sismg-nelle-citta-italiane-in-relazione-allepidemia-di-covid-19-report-1-settembre-16-marzo-2021\/#article","isPartOf":{"@id":"https:\/\/repo.epiprev.it\/index.php\/2021\/03\/31\/andamento-della-mortalita-giornaliera-sismg-nelle-citta-italiane-in-relazione-allepidemia-di-covid-19-report-1-settembre-16-marzo-2021\/"},"author":{"name":"administrator","@id":"https:\/\/repo.epiprev.it\/#\/schema\/person\/2a184e8c4e97508ef5111e78c8d0a59c"},"headline":"Andamento della mortalit\u00e0 giornaliera (SiSMG) nelle citt\u00e0 italiane in relazione all&#8217;epidemia di Covid-19. Report 1&#8242; Settembre &#8211; 16 marzo 2021","datePublished":"2021-03-31T08:51:36+00:00","dateModified":"2021-05-22T19:42:37+00:00","mainEntityOfPage":{"@id":"https:\/\/repo.epiprev.it\/index.php\/2021\/03\/31\/andamento-della-mortalita-giornaliera-sismg-nelle-citta-italiane-in-relazione-allepidemia-di-covid-19-report-1-settembre-16-marzo-2021\/"},"wordCount":900,"commentCount":0,"publisher":{"@id":"https:\/\/repo.epiprev.it\/#organization"},"image":{"@id":"https:\/\/repo.epiprev.it\/index.php\/2021\/03\/31\/andamento-della-mortalita-giornaliera-sismg-nelle-citta-italiane-in-relazione-allepidemia-di-covid-19-report-1-settembre-16-marzo-2021\/#primaryimage"},"thumbnailUrl":"https:\/\/repo.epiprev.it\/wp-content\/uploads\/2021\/03\/Figura-3-Andamento-stagionale-della-mortalit\u00e0-totale-per-settimana-nelle-citt\u00e0-italiane.jpg","keywords":["citt\u00e0","COVID-19","mortalit\u00e0 giornaliera"],"articleSection":["COVID-19"],"inLanguage":"it-IT","potentialAction":[{"@type":"CommentAction","name":"Comment","target":["https:\/\/repo.epiprev.it\/index.php\/2021\/03\/31\/andamento-della-mortalita-giornaliera-sismg-nelle-citta-italiane-in-relazione-allepidemia-di-covid-19-report-1-settembre-16-marzo-2021\/#respond"]}]},{"@type":"WebPage","@id":"https:\/\/repo.epiprev.it\/index.php\/2021\/03\/31\/andamento-della-mortalita-giornaliera-sismg-nelle-citta-italiane-in-relazione-allepidemia-di-covid-19-report-1-settembre-16-marzo-2021\/","url":"https:\/\/repo.epiprev.it\/index.php\/2021\/03\/31\/andamento-della-mortalita-giornaliera-sismg-nelle-citta-italiane-in-relazione-allepidemia-di-covid-19-report-1-settembre-16-marzo-2021\/","name":"Andamento della mortalit\u00e0 giornaliera (SiSMG) nelle citt\u00e0 italiane in relazione all'epidemia di Covid-19. Report 1' Settembre - 16 marzo 2021 - E&amp;P Repository","isPartOf":{"@id":"https:\/\/repo.epiprev.it\/#website"},"primaryImageOfPage":{"@id":"https:\/\/repo.epiprev.it\/index.php\/2021\/03\/31\/andamento-della-mortalita-giornaliera-sismg-nelle-citta-italiane-in-relazione-allepidemia-di-covid-19-report-1-settembre-16-marzo-2021\/#primaryimage"},"image":{"@id":"https:\/\/repo.epiprev.it\/index.php\/2021\/03\/31\/andamento-della-mortalita-giornaliera-sismg-nelle-citta-italiane-in-relazione-allepidemia-di-covid-19-report-1-settembre-16-marzo-2021\/#primaryimage"},"thumbnailUrl":"https:\/\/repo.epiprev.it\/wp-content\/uploads\/2021\/03\/Figura-3-Andamento-stagionale-della-mortalit\u00e0-totale-per-settimana-nelle-citt\u00e0-italiane.jpg","datePublished":"2021-03-31T08:51:36+00:00","dateModified":"2021-05-22T19:42:37+00:00","description":"Il rapporto del sistema di sorveglianza SISMG aggiornato alla settimana 10-16 marzo continua a mostrare una mortalit\u00e0 in linea con l\u2019atteso. Considerando i dati nazionali (fonte DPC) di nuovi casi e decessi Covid-19 si rileva che l\u2019incremento dei casi osservato a partire da met\u00e0 febbraio non ha determinato un incremento della mortalit\u00e0 generale come invece si era registrato nella precedente ondata","breadcrumb":{"@id":"https:\/\/repo.epiprev.it\/index.php\/2021\/03\/31\/andamento-della-mortalita-giornaliera-sismg-nelle-citta-italiane-in-relazione-allepidemia-di-covid-19-report-1-settembre-16-marzo-2021\/#breadcrumb"},"inLanguage":"it-IT","potentialAction":[{"@type":"ReadAction","target":["https:\/\/repo.epiprev.it\/index.php\/2021\/03\/31\/andamento-della-mortalita-giornaliera-sismg-nelle-citta-italiane-in-relazione-allepidemia-di-covid-19-report-1-settembre-16-marzo-2021\/"]}]},{"@type":"ImageObject","inLanguage":"it-IT","@id":"https:\/\/repo.epiprev.it\/index.php\/2021\/03\/31\/andamento-della-mortalita-giornaliera-sismg-nelle-citta-italiane-in-relazione-allepidemia-di-covid-19-report-1-settembre-16-marzo-2021\/#primaryimage","url":"https:\/\/repo.epiprev.it\/wp-content\/uploads\/2021\/03\/Figura-3-Andamento-stagionale-della-mortalit\u00e0-totale-per-settimana-nelle-citt\u00e0-italiane.jpg","contentUrl":"https:\/\/repo.epiprev.it\/wp-content\/uploads\/2021\/03\/Figura-3-Andamento-stagionale-della-mortalit\u00e0-totale-per-settimana-nelle-citt\u00e0-italiane.jpg","width":1112,"height":567,"caption":"Figura 3. Andamento stagionale della mortalit\u00e0 totale per settimana nelle citt\u00e0 italiane. Periodo gennaio 2016 \u2013 2 marzo 2021."},{"@type":"BreadcrumbList","@id":"https:\/\/repo.epiprev.it\/index.php\/2021\/03\/31\/andamento-della-mortalita-giornaliera-sismg-nelle-citta-italiane-in-relazione-allepidemia-di-covid-19-report-1-settembre-16-marzo-2021\/#breadcrumb","itemListElement":[{"@type":"ListItem","position":1,"name":"Home","item":"https:\/\/repo.epiprev.it\/"},{"@type":"ListItem","position":2,"name":"Andamento della mortalit\u00e0 giornaliera (SiSMG) nelle citt\u00e0 italiane in relazione all&#8217;epidemia di Covid-19. Report 1&#8242; Settembre &#8211; 16 marzo 2021"}]},{"@type":"WebSite","@id":"https:\/\/repo.epiprev.it\/#website","url":"https:\/\/repo.epiprev.it\/","name":"E&amp;P Repository","description":"- RIVISTA DELL&#039;ASSOCIAZIONE ITALIANA DI EPIDEMIOLOGIA","publisher":{"@id":"https:\/\/repo.epiprev.it\/#organization"},"potentialAction":[{"@type":"SearchAction","target":{"@type":"EntryPoint","urlTemplate":"https:\/\/repo.epiprev.it\/?s={search_term_string}"},"query-input":{"@type":"PropertyValueSpecification","valueRequired":true,"valueName":"search_term_string"}}],"inLanguage":"it-IT"},{"@type":"Organization","@id":"https:\/\/repo.epiprev.it\/#organization","name":"Rivista Epiprev","url":"https:\/\/repo.epiprev.it\/","logo":{"@type":"ImageObject","inLanguage":"it-IT","@id":"https:\/\/repo.epiprev.it\/#\/schema\/logo\/image\/","url":"","contentUrl":"","caption":"Rivista Epiprev"},"image":{"@id":"https:\/\/repo.epiprev.it\/#\/schema\/logo\/image\/"},"sameAs":["https:\/\/www.facebook.com\/epiprev\/"]},{"@type":"Person","@id":"https:\/\/repo.epiprev.it\/#\/schema\/person\/2a184e8c4e97508ef5111e78c8d0a59c","name":"administrator","image":{"@type":"ImageObject","inLanguage":"it-IT","@id":"https:\/\/repo.epiprev.it\/#\/schema\/person\/image\/","url":"https:\/\/secure.gravatar.com\/avatar\/4ad25646debce6ba00e77ffa65a5e065aa33c5a21571725744bade4c95c9986a?s=96&d=mm&r=g","contentUrl":"https:\/\/secure.gravatar.com\/avatar\/4ad25646debce6ba00e77ffa65a5e065aa33c5a21571725744bade4c95c9986a?s=96&d=mm&r=g","caption":"administrator"}}]}},"_links":{"self":[{"href":"https:\/\/repo.epiprev.it\/index.php\/wp-json\/wp\/v2\/posts\/2323","targetHints":{"allow":["GET"]}}],"collection":[{"href":"https:\/\/repo.epiprev.it\/index.php\/wp-json\/wp\/v2\/posts"}],"about":[{"href":"https:\/\/repo.epiprev.it\/index.php\/wp-json\/wp\/v2\/types\/post"}],"author":[{"embeddable":true,"href":"https:\/\/repo.epiprev.it\/index.php\/wp-json\/wp\/v2\/users\/1"}],"replies":[{"embeddable":true,"href":"https:\/\/repo.epiprev.it\/index.php\/wp-json\/wp\/v2\/comments?post=2323"}],"version-history":[{"count":3,"href":"https:\/\/repo.epiprev.it\/index.php\/wp-json\/wp\/v2\/posts\/2323\/revisions"}],"predecessor-version":[{"id":2454,"href":"https:\/\/repo.epiprev.it\/index.php\/wp-json\/wp\/v2\/posts\/2323\/revisions\/2454"}],"wp:featuredmedia":[{"embeddable":true,"href":"https:\/\/repo.epiprev.it\/index.php\/wp-json\/wp\/v2\/media\/2309"}],"wp:attachment":[{"href":"https:\/\/repo.epiprev.it\/index.php\/wp-json\/wp\/v2\/media?parent=2323"}],"wp:term":[{"taxonomy":"category","embeddable":true,"href":"https:\/\/repo.epiprev.it\/index.php\/wp-json\/wp\/v2\/categories?post=2323"},{"taxonomy":"post_tag","embeddable":true,"href":"https:\/\/repo.epiprev.it\/index.php\/wp-json\/wp\/v2\/tags?post=2323"}],"curies":[{"name":"wp","href":"https:\/\/api.w.org\/{rel}","templated":true}]}}