{"id":845,"date":"2020-04-03T10:34:01","date_gmt":"2020-04-03T10:34:01","guid":{"rendered":"https:\/\/repo.epiprev.it\/?p=845"},"modified":"2020-05-05T14:07:11","modified_gmt":"2020-05-05T14:07:11","slug":"andamento-della-mortalita-giornaliera-sismg-nelle-citta-italiane-in-relazione-allepidemia-di-covid-19-1-febbraio-28-marzo-secondo-rapporto","status":"publish","type":"post","link":"https:\/\/repo.epiprev.it\/index.php\/2020\/04\/03\/andamento-della-mortalita-giornaliera-sismg-nelle-citta-italiane-in-relazione-allepidemia-di-covid-19-1-febbraio-28-marzo-secondo-rapporto\/","title":{"rendered":"Andamento della Mortalit\u00e0 Giornaliera (SiSMG) nelle citt\u00e0 italiane in relazione all\u2019epidemia di Covid-19, 1 Febbraio &#8211; 28 Marzo (secondo rapporto)"},"content":{"rendered":"\n<p class=\"has-small-font-size\"><strong>Publication date:<\/strong>  03\/04\/2020  &#8211; <strong>E&amp;P Code:<\/strong>  <a rel=\"noreferrer noopener\" aria-label=\" (opens in a new tab)\" href=\"https:\/\/repo.epiprev.it\/845\" target=\"_blank\">repo.epiprev.it\/845<\/a><br><strong>Authors: <\/strong> (a cura di) Marina Davoli,<sup>1<\/sup> Francesca de&#8217; Donato,<sup>1<\/sup> Manuela De Sario,<sup>1<\/sup> Paola Michelozzi,<sup>1<\/sup> Fiammetta Noccioli,<sup>1<\/sup> Daniela Orr\u00f9,<sup>1<\/sup> Pasqualino Rossi,<sup>2<\/sup> Matteo Scortichini<sup>1<\/sup>  <\/p>\n\n\n\n<p class=\"has-small-font-size\"><strong>Sintesi<\/strong>. L\u2019andamento della mortalit\u00e0 settimanale per tutte le et\u00e0 e per le classi di et\u00e0 (65-74, 75-84, 85+) aggiornata al 24 marzo 2020 separatamente per le citt\u00e0 del nord e del centro-sud continua a mostrare nelle citt\u00e0 del nord un incremento della mortalit\u00e0 in tutte le classi di et\u00e0, mentre nelle citt\u00e0 del centro sud tale fenomeno \u00e8 molto contenuto e si osserva un lieve incremento solo partire dalla scorsa settimana. Confrontano i dati per settimana, tuttavia <strong>nell\u2019ultima settimana (21-27 marzo) si evidenzia nelle citt\u00e0 del nord un minor incremento dei decessi osservati<\/strong> (79 in meno, rispetto alla settimana precedente, rispettivamente +216 decessi nell\u2019ultima settimana +295 decessi nella settimana 14-20 marzo).<\/p>\n\n\n\n<!--more-->\n\n\n\n<p class=\"has-small-font-size\"><strong>In questo rapporto sono riportate anche stime dell\u2019eccesso di mortalit\u00e0 per genere ed et\u00e0.<\/strong> I risultati evidenziano una forte differenza degli incrementi di mortalit\u00e0 osservati per genere con una mortalit\u00e0 pi\u00f9 elevata negli uomini rispetto alle donne. I risultati mostrano inoltre un trend che aumenta con l\u2019et\u00e0 sia al nord che al centro-sud. <strong>Al nord, negli uomini<\/strong> l\u2019eccesso osservato \u00e8 +34% nella fascia di et\u00e0 15-64 anni, +64% nella classi di et\u00e0 75-84 e +72% nella classe +85 anni.<strong> Nelle donne<\/strong> il trend per fasce di et\u00e0 mostra un incremento inferiore al 20% fino a 74 anni nelle donne del nord ed un incremento circa del 40% nelle classi pi\u00f9 anziane, sopra i 75 anni, mentre nelle donne del sud l\u2019eccesso di registra solo nella classe di et\u00e0 85+. Questo dato rappresenta una conferma rispetto a quanto emerso da studi precedenti di un quadro clinico pi\u00f9 severo negli uomini rispetto alle donne associato ad un maggiore rischio di decesso (Onder 2020). I possibili meccanismi che determinano differenze di genere nella gravit\u00e0 della malattia e nella mortalit\u00e0 per Covid-19 non sono chiari. Studi recenti suggeriscono che gli uomini con patologie pregresse hanno un quadro clinico pi\u00f9 severo.<br><strong>I grafici dell\u2019andamento della mortalit\u00e0 giornaliera nelle diverse citt\u00e0<\/strong> confermano incrementi significativi in alcune citt\u00e0 del nord, in particolare nelle 2 citt\u00e0 lombarde incluse nella sorveglianza <strong>Milano<\/strong> (incremento +63% mortalit\u00e0), <strong>Brescia <\/strong>(incremento +133%). Eccessi significativi si osservano anche a <strong>Bolzano<\/strong> (incremento +51%), a <strong>Torino<\/strong> (+34%) e <strong>Genova<\/strong> (+53%). Tra le citt\u00e0 del centro-sud, dove i primi casi sono stati registrati con diversi giorni di latenza rispetto al nord, si osserva un incremento della mortalit\u00e0 giornaliera a <strong>Perugia, Civitavecchia, Roma, Messina e a Potenza<\/strong>, soprattutto nelle classi di et\u00e0 pi\u00f9 anziane.<br>Il confronto della mortalit\u00e0 invernale (dicembre-febbraio) ha evidenziato nell\u2019inverno 2019-2020 una bassa mortalit\u00e0 attribuibile al ridotto impatto dei fattori di rischio stagionali (basse temperature ed epidemie influenzali). Questo fenomeno, gi\u00e0 osservato in anni precedenti (Michelozzi et al.2016) ha come effetto di determinare un incremento <strong>del pool di soggetti pi\u00f9 fragili<\/strong>, (anziani e con malattie croniche) che pu\u00f2 aumentare l\u2019impatto dell\u2019epidemia di COVID-19 sulla mortalit\u00e0 e spiegare, almeno in parte, la maggiore letalit\u00e0 osservata nel nostro paese.<br>Il SISMG \u00e8 stato sviluppato nell\u2019ambito del Progetto del Ministero della Salute Azione centrale CCM- Piano Nazionale di Prevenzione Effetti Ondate di Calore (<a href=\"http:\/\/www.salute.gov.it\/caldo\">www.salute.gov.it\/caldo<\/a>) coordinato dal Dipartimento di Epidemiologia del SSR Lazio, ASL Roma 1 (DEPLAZIO) nella sua funzione di Centro di Competenza nazionale della Protezione Civile. SISMG \u00e8 incluso tra i sistemi di rilevanza nazionale (DPCM 3 marzo 2017). Un grafico sintetico dell\u2019andamento della mortalit\u00e0 \u00e8 pubblicato a cadenza settimanale sul portale del Ministero della salute (<a href=\"http:\/\/www.salute.gov.it\/portale\/caldo\/SISMG_sintesi_ULTIMO.pdf\">www.salute.gov.it\/portale\/caldo\/SISMG_sintesi_ULTIMO.pdf<\/a>).<br>Il Rapporto utilizza i dati del Sistema di sorveglianza della mortalit\u00e0 giornaliera (SiSMG) relativo a 19 citt\u00e0 (<strong><em>Aosta, Bolzano, Trento, Trieste, Torino, Milano, Brescia, Verona, Venezia, Bologna, Genova, Perugia, Civitavecchia, Roma, Frosinone, Bari, Potenza, Messina, Palermo<\/em><\/strong><em>)<\/em> delle 33 citt\u00e0 incluse nella sorveglianza, con una copertura circa del 14% della popolazione nazionale. Il presente Rapporto, aggiornato settimanalmente, verr\u00e0 reso disponibile ed inviato a tutti i referenti delle ASL e dei Comuni delle citt\u00e0 incluse nella sorveglianza e pubblicato sul sito del Ministero della Salute in un\u2019area dedicata. Uno degli obiettivi in corso \u00e8 di estendere l\u2019utilizzo della <strong><u>piattaforma online del SISMG<\/u><\/strong> ad altri Comuni al fine di raggiungere una pi\u00f9 elevata copertura della sorveglianza sul territorio nazionale.<\/p>\n\n\n\n<p class=\"has-small-font-size\"><strong>Topic<\/strong>: <a href='\/index.php\/category\/COVID-19'>COVID-19<\/a><\/p>\n\n\n\n<p class=\"has-small-font-size\"><strong>Key words<\/strong>: <a href=\"https:\/\/repo.epiprev.it\/index.php\/tag\/citta\/\" rel=\"tag\">citt\u00e0<\/a>, <a href=\"https:\/\/repo.epiprev.it\/index.php\/tag\/covid-19\/\" rel=\"tag\">COVID-19<\/a>, <a href=\"https:\/\/repo.epiprev.it\/index.php\/tag\/mortalita-giornaliera\/\" rel=\"tag\">mortalit\u00e0 giornaliera<\/a>, <\/p>\n\n\n\n<p class=\"has-small-font-size\"><strong>AVVERTENZA. GLI ARTICOLI PRESENTI NEL REPOSITORY NON SONO SOTTOPOSTI A PEER REVIEW.<\/strong><\/p>\n\n\n\n<p class=\"has-small-font-size\"><strong>Cite as<\/strong>: Marina Davoli, Francesca de&#8217; Donato, Manuela De Sario, et. altri (2020). Andamento della Mortalit\u00e0 Giornaliera (SiSMG) nelle citt\u00e0 italiane in relazione all\u2019epidemia di Covid-19, 1 Febbraio &#8211; 28 Marzo (secondo rapporto). E&P Repository <a href='https:\/\/repo.epiprev.it\/845'>https:\/\/repo.epiprev.it\/845<\/a><button title=\"Copia citazione\" id=\"copyTextCite\"><span class=\"far fa-copy\"><\/span><\/button><\/p>\n\n\n\n<div class='w3eden'><!-- WPDM Link Template: Default Template -->\n\n\n<div class=\"link-template-default card mb-2\">\n    <div class=\"card-body\">\n        <div class=\"media stack-xs\">\n            <div class=\"media-body\">\n                <div class=\"media\">\n                    <div class=\"mr-3 img-48\"><img decoding=\"async\" class=\"wpdm_icon\" alt=\"Icona\" src=\"https:\/\/repo.epiprev.it\/wp-content\/plugins\/download-manager\/assets\/file-type-icons\/pdf.svg\" onError='this.src=\"https:\/\/repo.epiprev.it\/wp-content\/plugins\/download-manager\/assets\/file-type-icons\/unknown.svg\";' \/><\/div>\n                    <div class=\"media-body\">\n                        <h3 class=\"package-title\"><a href='https:\/\/repo.epiprev.it\/index.php\/download\/andamento-della-mortalita-giornaliera-sismg-nelle-citta-italiane-in-relazione-allepidemia-di-covid-19-secondo-rapporto-1-febbraio-28-marzo-2020\/'>Andamento della Mortalit\u00e0 Giornaliera (SiSMG) nelle citt\u00e0 italiane in relazione all\u2019epidemia di Covid-19, 1 Febbraio - 28 Marzo (secondo rapporto)<\/a><\/h3>\n                        <div class=\"text-muted text-small\"><i class=\"fas fa-file-download\"><\/i> 1848 Download <i class=\"fas fa-hdd ml-3\"><\/i> 12.30 MB<\/div>\n                    <\/div>\n                <\/div>\n            <\/div>\n            <div class=\"ml-3 wpdmdl-btn\">\n                <a class='wpdm-download-link btn btn-primary ' rel='nofollow' href='#' onclick=\"location.href='https:\/\/repo.epiprev.it\/index.php\/download\/andamento-della-mortalita-giornaliera-sismg-nelle-citta-italiane-in-relazione-allepidemia-di-covid-19-secondo-rapporto-1-febbraio-28-marzo-2020\/?wpdmdl=848&refresh=69f418e9b7c211777604841';return false;\">Download<\/a>\n            <\/div>\n        <\/div>\n\t\t\n    <\/div>\n<\/div>\n\n\n<\/div>\n\n\n\n<h4 class=\"wp-block-heading\">Info<\/h4>\n\n\n\n<p class=\"has-small-font-size\"><strong>Authors&#8217; Affiliations<\/strong> <br><sup>1<\/sup> Dipartimento di Epidemiologia SSR Regione Lazio <br><sup>2<\/sup> Ministero della Salute <\/p>\n\n\n\n<p class=\"has-small-font-size\"><strong>Authors&#8217; contributions: <\/strong><\/p>\n\n\n\n<p class=\"has-small-font-size\"><strong>Conflict of Interest: <\/strong>none declared<\/p>\n\n\n\n<p class=\"has-small-font-size\"><strong>Role of funding source: <\/strong>None.<\/p>\n\n\n\n<p class=\"has-small-font-size\"><strong>Ethics committee approval: <\/strong>The study was based on publicly available aggregate data. No Ethics committee approval was necessary. <\/p>\n\n\n\n<p class=\"has-small-font-size\"><strong>Copyright<\/strong>:  Il  detentore del copyright per questa pre-stampa \u00e8 l&#8217;autore\/finanziatore,  che ha concesso a &#8220;E&amp;P Repository&#8221; una licenza per rendere pubblica  la pre-stampa. Il testo \u00e8 reso disponibile al pubblico con una licenza  internazionale.<\/p>\n\n\n\n<p class=\"has-small-font-size\"><strong>Update<\/strong>: <a href=\"http:\/\/repo.epiprev.it\/1106\">repo.epiprev.it\/1106<\/a> publication date 10\/04\/2020<\/p>\n\n\n\n<div style=\"height:20px\" aria-hidden=\"true\" class=\"wp-block-spacer\"><\/div>\n\n\n\n<p class=\"has-background has-small-font-size has-light-gray-background-color\"><strong>References &amp; Citations<\/strong><br><a rel=\"noreferrer noopener\" href=\"https:\/\/scholar.google.com\/scholar?q=Andamento della Mortalit\u00e0 Giornaliera (SiSMG) nelle citt\u00e0 italiane in relazione all\u2019epidemia di Covid-19, 1 Febbraio &#8211; 28 Marzo (secondo rapporto)\" target=\"_blank\">Google Scholar<\/a> <\/p>\n\n\n\n<p><a href=\"http:\/\/www.facebook.com\/sharer.php?u=https:\/\/www.repo.epiprev.it\/845\" target=\"_blank\" rel=\"noopener noreferrer\" title=\"Condividi su Facebook\"><img decoding=\"async\" src=\"\/wp-content\/uploads\/2020\/04\/icon_facebook.png\"><\/a><a href=\"https:\/\/twitter.com\/intent\/tweet?url=https:\/\/www.repo.epiprev.it\/845\" target=\"_blank\" rel=\"noopener noreferrer\" title=\"Condividi su Twitter\"><img decoding=\"async\" src=\"\/wp-content\/uploads\/2020\/04\/icon_twitter.png\"><\/a><a class=\"icon_whatsapp\" href=\"https:\/\/api.whatsapp.com\/send?text=https:\/\/repo.epiprev.it\/845&amp;attribution=AMPhtml&amp;url=repo.epiprev.it\/845\" target=\"_blank\" rel=\"noopener noreferrer\" title=\"Invia con WhatsApp\"><img decoding=\"async\" src=\"\/wp-content\/uploads\/2020\/04\/icon_whatsapp.png\"><\/a>\n<\/p>\n","protected":false},"excerpt":{"rendered":"<p>Andamento della Mortalit\u00e0 Giornaliera (SiSMG) nelle citt\u00e0 italiane in relazione all\u2019epidemia di Covid-19, 1 Febbraio &#8211; 28 Marzo (secondo rapporto)<\/p>\n","protected":false},"author":1,"featured_media":0,"comment_status":"open","ping_status":"open","sticky":false,"template":"","format":"standard","meta":{"footnotes":""},"categories":[13],"tags":[31,16,32],"class_list":["post-845","post","type-post","status-publish","format-standard","hentry","category-covid-19","tag-citta","tag-covid-19","tag-mortalita-giornaliera"],"yoast_head":"<!-- This site is optimized with the Yoast SEO plugin v27.0 - https:\/\/yoast.com\/product\/yoast-seo-wordpress\/ -->\n<title>Andamento della Mortalit\u00e0 Giornaliera (SiSMG) nelle citt\u00e0 italiane in relazione all\u2019epidemia di Covid-19, 1 Febbraio - 28 Marzo (secondo rapporto) - E&amp;P Repository<\/title>\n<meta name=\"robots\" content=\"index, follow, max-snippet:-1, max-image-preview:large, max-video-preview:-1\" \/>\n<link rel=\"canonical\" href=\"https:\/\/repo.epiprev.it\/index.php\/2020\/04\/03\/andamento-della-mortalita-giornaliera-sismg-nelle-citta-italiane-in-relazione-allepidemia-di-covid-19-1-febbraio-28-marzo-secondo-rapporto\/\" \/>\n<meta property=\"og:locale\" content=\"it_IT\" \/>\n<meta property=\"og:type\" content=\"article\" \/>\n<meta property=\"og:title\" content=\"Andamento della Mortalit\u00e0 Giornaliera (SiSMG) nelle citt\u00e0 italiane in relazione all\u2019epidemia di Covid-19, 1 Febbraio - 28 Marzo (secondo rapporto) - E&amp;P Repository\" \/>\n<meta property=\"og:description\" content=\"Andamento della Mortalit\u00e0 Giornaliera (SiSMG) nelle citt\u00e0 italiane in relazione all\u2019epidemia di Covid-19, 1 Febbraio - 28 Marzo (secondo rapporto)\" \/>\n<meta property=\"og:url\" content=\"https:\/\/repo.epiprev.it\/index.php\/2020\/04\/03\/andamento-della-mortalita-giornaliera-sismg-nelle-citta-italiane-in-relazione-allepidemia-di-covid-19-1-febbraio-28-marzo-secondo-rapporto\/\" \/>\n<meta property=\"og:site_name\" content=\"E&amp;P Repository\" \/>\n<meta property=\"article:publisher\" content=\"https:\/\/www.facebook.com\/epiprev\/\" \/>\n<meta property=\"article:published_time\" content=\"2020-04-03T10:34:01+00:00\" \/>\n<meta property=\"article:modified_time\" content=\"2020-05-05T14:07:11+00:00\" \/>\n<meta property=\"og:image\" content=\"https:\/\/repo.epiprev.it\/wp-content\/uploads\/2020\/04\/logo_repo_facebook.png\" \/>\n\t<meta property=\"og:image:width\" content=\"1200\" \/>\n\t<meta property=\"og:image:height\" content=\"630\" \/>\n\t<meta property=\"og:image:type\" content=\"image\/png\" \/>\n<meta name=\"author\" content=\"administrator\" \/>\n<meta name=\"twitter:card\" content=\"summary_large_image\" \/>\n<meta name=\"twitter:image\" content=\"https:\/\/repo.epiprev.it\/wp-content\/uploads\/2020\/04\/logo_repo_twitter.png\" \/>\n<meta name=\"twitter:label1\" content=\"Scritto da\" \/>\n\t<meta name=\"twitter:data1\" content=\"administrator\" \/>\n\t<meta name=\"twitter:label2\" content=\"Tempo di lettura stimato\" \/>\n\t<meta name=\"twitter:data2\" content=\"4 minuti\" \/>\n<script type=\"application\/ld+json\" class=\"yoast-schema-graph\">{\"@context\":\"https:\/\/schema.org\",\"@graph\":[{\"@type\":\"Article\",\"@id\":\"https:\/\/repo.epiprev.it\/index.php\/2020\/04\/03\/andamento-della-mortalita-giornaliera-sismg-nelle-citta-italiane-in-relazione-allepidemia-di-covid-19-1-febbraio-28-marzo-secondo-rapporto\/#article\",\"isPartOf\":{\"@id\":\"https:\/\/repo.epiprev.it\/index.php\/2020\/04\/03\/andamento-della-mortalita-giornaliera-sismg-nelle-citta-italiane-in-relazione-allepidemia-di-covid-19-1-febbraio-28-marzo-secondo-rapporto\/\"},\"author\":{\"name\":\"administrator\",\"@id\":\"https:\/\/repo.epiprev.it\/#\/schema\/person\/2a184e8c4e97508ef5111e78c8d0a59c\"},\"headline\":\"Andamento della Mortalit\u00e0 Giornaliera (SiSMG) nelle citt\u00e0 italiane in relazione all\u2019epidemia di Covid-19, 1 Febbraio &#8211; 28 Marzo (secondo rapporto)\",\"datePublished\":\"2020-04-03T10:34:01+00:00\",\"dateModified\":\"2020-05-05T14:07:11+00:00\",\"mainEntityOfPage\":{\"@id\":\"https:\/\/repo.epiprev.it\/index.php\/2020\/04\/03\/andamento-della-mortalita-giornaliera-sismg-nelle-citta-italiane-in-relazione-allepidemia-di-covid-19-1-febbraio-28-marzo-secondo-rapporto\/\"},\"wordCount\":839,\"commentCount\":0,\"publisher\":{\"@id\":\"https:\/\/repo.epiprev.it\/#organization\"},\"keywords\":[\"citt\u00e0\",\"COVID-19\",\"mortalit\u00e0 giornaliera\"],\"articleSection\":[\"COVID-19\"],\"inLanguage\":\"it-IT\",\"potentialAction\":[{\"@type\":\"CommentAction\",\"name\":\"Comment\",\"target\":[\"https:\/\/repo.epiprev.it\/index.php\/2020\/04\/03\/andamento-della-mortalita-giornaliera-sismg-nelle-citta-italiane-in-relazione-allepidemia-di-covid-19-1-febbraio-28-marzo-secondo-rapporto\/#respond\"]}]},{\"@type\":\"WebPage\",\"@id\":\"https:\/\/repo.epiprev.it\/index.php\/2020\/04\/03\/andamento-della-mortalita-giornaliera-sismg-nelle-citta-italiane-in-relazione-allepidemia-di-covid-19-1-febbraio-28-marzo-secondo-rapporto\/\",\"url\":\"https:\/\/repo.epiprev.it\/index.php\/2020\/04\/03\/andamento-della-mortalita-giornaliera-sismg-nelle-citta-italiane-in-relazione-allepidemia-di-covid-19-1-febbraio-28-marzo-secondo-rapporto\/\",\"name\":\"Andamento della Mortalit\u00e0 Giornaliera (SiSMG) nelle citt\u00e0 italiane in relazione all\u2019epidemia di Covid-19, 1 Febbraio - 28 Marzo (secondo rapporto) - E&amp;P Repository\",\"isPartOf\":{\"@id\":\"https:\/\/repo.epiprev.it\/#website\"},\"datePublished\":\"2020-04-03T10:34:01+00:00\",\"dateModified\":\"2020-05-05T14:07:11+00:00\",\"breadcrumb\":{\"@id\":\"https:\/\/repo.epiprev.it\/index.php\/2020\/04\/03\/andamento-della-mortalita-giornaliera-sismg-nelle-citta-italiane-in-relazione-allepidemia-di-covid-19-1-febbraio-28-marzo-secondo-rapporto\/#breadcrumb\"},\"inLanguage\":\"it-IT\",\"potentialAction\":[{\"@type\":\"ReadAction\",\"target\":[\"https:\/\/repo.epiprev.it\/index.php\/2020\/04\/03\/andamento-della-mortalita-giornaliera-sismg-nelle-citta-italiane-in-relazione-allepidemia-di-covid-19-1-febbraio-28-marzo-secondo-rapporto\/\"]}]},{\"@type\":\"BreadcrumbList\",\"@id\":\"https:\/\/repo.epiprev.it\/index.php\/2020\/04\/03\/andamento-della-mortalita-giornaliera-sismg-nelle-citta-italiane-in-relazione-allepidemia-di-covid-19-1-febbraio-28-marzo-secondo-rapporto\/#breadcrumb\",\"itemListElement\":[{\"@type\":\"ListItem\",\"position\":1,\"name\":\"Home\",\"item\":\"https:\/\/repo.epiprev.it\/\"},{\"@type\":\"ListItem\",\"position\":2,\"name\":\"Andamento della Mortalit\u00e0 Giornaliera (SiSMG) nelle citt\u00e0 italiane in relazione all\u2019epidemia di Covid-19, 1 Febbraio &#8211; 28 Marzo (secondo rapporto)\"}]},{\"@type\":\"WebSite\",\"@id\":\"https:\/\/repo.epiprev.it\/#website\",\"url\":\"https:\/\/repo.epiprev.it\/\",\"name\":\"E&amp;P Repository\",\"description\":\"- RIVISTA DELL&#039;ASSOCIAZIONE ITALIANA DI EPIDEMIOLOGIA\",\"publisher\":{\"@id\":\"https:\/\/repo.epiprev.it\/#organization\"},\"potentialAction\":[{\"@type\":\"SearchAction\",\"target\":{\"@type\":\"EntryPoint\",\"urlTemplate\":\"https:\/\/repo.epiprev.it\/?s={search_term_string}\"},\"query-input\":{\"@type\":\"PropertyValueSpecification\",\"valueRequired\":true,\"valueName\":\"search_term_string\"}}],\"inLanguage\":\"it-IT\"},{\"@type\":\"Organization\",\"@id\":\"https:\/\/repo.epiprev.it\/#organization\",\"name\":\"Rivista Epiprev\",\"url\":\"https:\/\/repo.epiprev.it\/\",\"logo\":{\"@type\":\"ImageObject\",\"inLanguage\":\"it-IT\",\"@id\":\"https:\/\/repo.epiprev.it\/#\/schema\/logo\/image\/\",\"url\":\"\",\"contentUrl\":\"\",\"caption\":\"Rivista Epiprev\"},\"image\":{\"@id\":\"https:\/\/repo.epiprev.it\/#\/schema\/logo\/image\/\"},\"sameAs\":[\"https:\/\/www.facebook.com\/epiprev\/\"]},{\"@type\":\"Person\",\"@id\":\"https:\/\/repo.epiprev.it\/#\/schema\/person\/2a184e8c4e97508ef5111e78c8d0a59c\",\"name\":\"administrator\",\"image\":{\"@type\":\"ImageObject\",\"inLanguage\":\"it-IT\",\"@id\":\"https:\/\/repo.epiprev.it\/#\/schema\/person\/image\/\",\"url\":\"https:\/\/secure.gravatar.com\/avatar\/4ad25646debce6ba00e77ffa65a5e065aa33c5a21571725744bade4c95c9986a?s=96&d=mm&r=g\",\"contentUrl\":\"https:\/\/secure.gravatar.com\/avatar\/4ad25646debce6ba00e77ffa65a5e065aa33c5a21571725744bade4c95c9986a?s=96&d=mm&r=g\",\"caption\":\"administrator\"}}]}<\/script>\n<!-- \/ Yoast SEO plugin. -->","yoast_head_json":{"title":"Andamento della Mortalit\u00e0 Giornaliera (SiSMG) nelle citt\u00e0 italiane in relazione all\u2019epidemia di Covid-19, 1 Febbraio - 28 Marzo (secondo rapporto) - E&amp;P Repository","robots":{"index":"index","follow":"follow","max-snippet":"max-snippet:-1","max-image-preview":"max-image-preview:large","max-video-preview":"max-video-preview:-1"},"canonical":"https:\/\/repo.epiprev.it\/index.php\/2020\/04\/03\/andamento-della-mortalita-giornaliera-sismg-nelle-citta-italiane-in-relazione-allepidemia-di-covid-19-1-febbraio-28-marzo-secondo-rapporto\/","og_locale":"it_IT","og_type":"article","og_title":"Andamento della Mortalit\u00e0 Giornaliera (SiSMG) nelle citt\u00e0 italiane in relazione all\u2019epidemia di Covid-19, 1 Febbraio - 28 Marzo (secondo rapporto) - E&amp;P Repository","og_description":"Andamento della Mortalit\u00e0 Giornaliera (SiSMG) nelle citt\u00e0 italiane in relazione all\u2019epidemia di Covid-19, 1 Febbraio - 28 Marzo (secondo rapporto)","og_url":"https:\/\/repo.epiprev.it\/index.php\/2020\/04\/03\/andamento-della-mortalita-giornaliera-sismg-nelle-citta-italiane-in-relazione-allepidemia-di-covid-19-1-febbraio-28-marzo-secondo-rapporto\/","og_site_name":"E&amp;P Repository","article_publisher":"https:\/\/www.facebook.com\/epiprev\/","article_published_time":"2020-04-03T10:34:01+00:00","article_modified_time":"2020-05-05T14:07:11+00:00","og_image":[{"width":1200,"height":630,"url":"https:\/\/repo.epiprev.it\/wp-content\/uploads\/2020\/04\/logo_repo_facebook.png","type":"image\/png"}],"author":"administrator","twitter_card":"summary_large_image","twitter_image":"https:\/\/repo.epiprev.it\/wp-content\/uploads\/2020\/04\/logo_repo_twitter.png","twitter_misc":{"Scritto da":"administrator","Tempo di lettura stimato":"4 minuti"},"schema":{"@context":"https:\/\/schema.org","@graph":[{"@type":"Article","@id":"https:\/\/repo.epiprev.it\/index.php\/2020\/04\/03\/andamento-della-mortalita-giornaliera-sismg-nelle-citta-italiane-in-relazione-allepidemia-di-covid-19-1-febbraio-28-marzo-secondo-rapporto\/#article","isPartOf":{"@id":"https:\/\/repo.epiprev.it\/index.php\/2020\/04\/03\/andamento-della-mortalita-giornaliera-sismg-nelle-citta-italiane-in-relazione-allepidemia-di-covid-19-1-febbraio-28-marzo-secondo-rapporto\/"},"author":{"name":"administrator","@id":"https:\/\/repo.epiprev.it\/#\/schema\/person\/2a184e8c4e97508ef5111e78c8d0a59c"},"headline":"Andamento della Mortalit\u00e0 Giornaliera (SiSMG) nelle citt\u00e0 italiane in relazione all\u2019epidemia di Covid-19, 1 Febbraio &#8211; 28 Marzo (secondo rapporto)","datePublished":"2020-04-03T10:34:01+00:00","dateModified":"2020-05-05T14:07:11+00:00","mainEntityOfPage":{"@id":"https:\/\/repo.epiprev.it\/index.php\/2020\/04\/03\/andamento-della-mortalita-giornaliera-sismg-nelle-citta-italiane-in-relazione-allepidemia-di-covid-19-1-febbraio-28-marzo-secondo-rapporto\/"},"wordCount":839,"commentCount":0,"publisher":{"@id":"https:\/\/repo.epiprev.it\/#organization"},"keywords":["citt\u00e0","COVID-19","mortalit\u00e0 giornaliera"],"articleSection":["COVID-19"],"inLanguage":"it-IT","potentialAction":[{"@type":"CommentAction","name":"Comment","target":["https:\/\/repo.epiprev.it\/index.php\/2020\/04\/03\/andamento-della-mortalita-giornaliera-sismg-nelle-citta-italiane-in-relazione-allepidemia-di-covid-19-1-febbraio-28-marzo-secondo-rapporto\/#respond"]}]},{"@type":"WebPage","@id":"https:\/\/repo.epiprev.it\/index.php\/2020\/04\/03\/andamento-della-mortalita-giornaliera-sismg-nelle-citta-italiane-in-relazione-allepidemia-di-covid-19-1-febbraio-28-marzo-secondo-rapporto\/","url":"https:\/\/repo.epiprev.it\/index.php\/2020\/04\/03\/andamento-della-mortalita-giornaliera-sismg-nelle-citta-italiane-in-relazione-allepidemia-di-covid-19-1-febbraio-28-marzo-secondo-rapporto\/","name":"Andamento della Mortalit\u00e0 Giornaliera (SiSMG) nelle citt\u00e0 italiane in relazione all\u2019epidemia di Covid-19, 1 Febbraio - 28 Marzo (secondo rapporto) - E&amp;P Repository","isPartOf":{"@id":"https:\/\/repo.epiprev.it\/#website"},"datePublished":"2020-04-03T10:34:01+00:00","dateModified":"2020-05-05T14:07:11+00:00","breadcrumb":{"@id":"https:\/\/repo.epiprev.it\/index.php\/2020\/04\/03\/andamento-della-mortalita-giornaliera-sismg-nelle-citta-italiane-in-relazione-allepidemia-di-covid-19-1-febbraio-28-marzo-secondo-rapporto\/#breadcrumb"},"inLanguage":"it-IT","potentialAction":[{"@type":"ReadAction","target":["https:\/\/repo.epiprev.it\/index.php\/2020\/04\/03\/andamento-della-mortalita-giornaliera-sismg-nelle-citta-italiane-in-relazione-allepidemia-di-covid-19-1-febbraio-28-marzo-secondo-rapporto\/"]}]},{"@type":"BreadcrumbList","@id":"https:\/\/repo.epiprev.it\/index.php\/2020\/04\/03\/andamento-della-mortalita-giornaliera-sismg-nelle-citta-italiane-in-relazione-allepidemia-di-covid-19-1-febbraio-28-marzo-secondo-rapporto\/#breadcrumb","itemListElement":[{"@type":"ListItem","position":1,"name":"Home","item":"https:\/\/repo.epiprev.it\/"},{"@type":"ListItem","position":2,"name":"Andamento della Mortalit\u00e0 Giornaliera (SiSMG) nelle citt\u00e0 italiane in relazione all\u2019epidemia di Covid-19, 1 Febbraio &#8211; 28 Marzo (secondo rapporto)"}]},{"@type":"WebSite","@id":"https:\/\/repo.epiprev.it\/#website","url":"https:\/\/repo.epiprev.it\/","name":"E&amp;P Repository","description":"- RIVISTA DELL&#039;ASSOCIAZIONE ITALIANA DI EPIDEMIOLOGIA","publisher":{"@id":"https:\/\/repo.epiprev.it\/#organization"},"potentialAction":[{"@type":"SearchAction","target":{"@type":"EntryPoint","urlTemplate":"https:\/\/repo.epiprev.it\/?s={search_term_string}"},"query-input":{"@type":"PropertyValueSpecification","valueRequired":true,"valueName":"search_term_string"}}],"inLanguage":"it-IT"},{"@type":"Organization","@id":"https:\/\/repo.epiprev.it\/#organization","name":"Rivista Epiprev","url":"https:\/\/repo.epiprev.it\/","logo":{"@type":"ImageObject","inLanguage":"it-IT","@id":"https:\/\/repo.epiprev.it\/#\/schema\/logo\/image\/","url":"","contentUrl":"","caption":"Rivista Epiprev"},"image":{"@id":"https:\/\/repo.epiprev.it\/#\/schema\/logo\/image\/"},"sameAs":["https:\/\/www.facebook.com\/epiprev\/"]},{"@type":"Person","@id":"https:\/\/repo.epiprev.it\/#\/schema\/person\/2a184e8c4e97508ef5111e78c8d0a59c","name":"administrator","image":{"@type":"ImageObject","inLanguage":"it-IT","@id":"https:\/\/repo.epiprev.it\/#\/schema\/person\/image\/","url":"https:\/\/secure.gravatar.com\/avatar\/4ad25646debce6ba00e77ffa65a5e065aa33c5a21571725744bade4c95c9986a?s=96&d=mm&r=g","contentUrl":"https:\/\/secure.gravatar.com\/avatar\/4ad25646debce6ba00e77ffa65a5e065aa33c5a21571725744bade4c95c9986a?s=96&d=mm&r=g","caption":"administrator"}}]}},"_links":{"self":[{"href":"https:\/\/repo.epiprev.it\/index.php\/wp-json\/wp\/v2\/posts\/845","targetHints":{"allow":["GET"]}}],"collection":[{"href":"https:\/\/repo.epiprev.it\/index.php\/wp-json\/wp\/v2\/posts"}],"about":[{"href":"https:\/\/repo.epiprev.it\/index.php\/wp-json\/wp\/v2\/types\/post"}],"author":[{"embeddable":true,"href":"https:\/\/repo.epiprev.it\/index.php\/wp-json\/wp\/v2\/users\/1"}],"replies":[{"embeddable":true,"href":"https:\/\/repo.epiprev.it\/index.php\/wp-json\/wp\/v2\/comments?post=845"}],"version-history":[{"count":18,"href":"https:\/\/repo.epiprev.it\/index.php\/wp-json\/wp\/v2\/posts\/845\/revisions"}],"predecessor-version":[{"id":1563,"href":"https:\/\/repo.epiprev.it\/index.php\/wp-json\/wp\/v2\/posts\/845\/revisions\/1563"}],"wp:attachment":[{"href":"https:\/\/repo.epiprev.it\/index.php\/wp-json\/wp\/v2\/media?parent=845"}],"wp:term":[{"taxonomy":"category","embeddable":true,"href":"https:\/\/repo.epiprev.it\/index.php\/wp-json\/wp\/v2\/categories?post=845"},{"taxonomy":"post_tag","embeddable":true,"href":"https:\/\/repo.epiprev.it\/index.php\/wp-json\/wp\/v2\/tags?post=845"}],"curies":[{"name":"wp","href":"https:\/\/api.w.org\/{rel}","templated":true}]}}